{"id":1695,"date":"2021-08-03T10:39:28","date_gmt":"2021-08-03T08:39:28","guid":{"rendered":"http:\/\/charavoileduboutdumonde.com\/?p=1695"},"modified":"2021-11-26T15:42:48","modified_gmt":"2021-11-26T14:42:48","slug":"sensations-fortes-aux-char-a-voile-du-bout-du-monde","status":"publish","type":"post","link":"https:\/\/charavoileduboutdumonde.com\/en\/sensations-fortes-aux-char-a-voile-du-bout-du-monde\/","title":{"rendered":"Sensations fortes aux char \u00e0 voile du bout du monde !"},"content":{"rendered":"<h2 style=\"text-align: center;\"><span style=\"font-family: sev;\">Du vent dans les voiles au bout du monde<\/span><\/h2>\n<p style=\"text-align: center;\"><span style=\"font-family: sev;\">Cet \u00e9t\u00e9, venez d\u00e9couvrir le char \u00e0 voile en <strong>Bretagne<\/strong>, \u00e0 la <strong>pointe Finist\u00e8re<\/strong>\u00a0avec l&rsquo;\u00e9cole de char \u00e0 voile du bout du monde !\u00a0<\/span><\/p>\n<p style=\"text-align: center;\"><span style=\"font-family: sev;\"><a href=\"http:\/\/charavoileduboutdumonde.com\/en\/sensations-fortes-aux-char-a-voile-du-bout-du-monde\/9u7a0135_3000\/\" rel=\"attachment wp-att-1696\"><img loading=\"lazy\" decoding=\"async\" class=\"alignnone size-large wp-image-1696\" src=\"http:\/\/charavoileduboutdumonde.com\/wp-content\/uploads\/2021\/08\/9U7A0135_3000-1024x683.jpg\" alt=\"\" width=\"580\" height=\"387\" srcset=\"https:\/\/charavoileduboutdumonde.com\/wp-content\/uploads\/2021\/08\/9U7A0135_3000-1024x683.jpg 1024w, https:\/\/charavoileduboutdumonde.com\/wp-content\/uploads\/2021\/08\/9U7A0135_3000-300x200.jpg 300w, https:\/\/charavoileduboutdumonde.com\/wp-content\/uploads\/2021\/08\/9U7A0135_3000-768x512.jpg 768w, https:\/\/charavoileduboutdumonde.com\/wp-content\/uploads\/2021\/08\/9U7A0135_3000-1536x1024.jpg 1536w, https:\/\/charavoileduboutdumonde.com\/wp-content\/uploads\/2021\/08\/9U7A0135_3000-2048x1365.jpg 2048w, https:\/\/charavoileduboutdumonde.com\/wp-content\/uploads\/2021\/08\/9U7A0135_3000-1200x800.jpg 1200w, https:\/\/charavoileduboutdumonde.com\/wp-content\/uploads\/2021\/08\/9U7A0135_3000-1980x1320.jpg 1980w\" sizes=\"auto, (max-width: 580px) 100vw, 580px\" \/><\/a><\/span><\/p>\n<h2 style=\"text-align: center;\"><span style=\"font-family: sev;\">Sensations fortes garanties au ras du sol !\u00a0<\/span><\/h2>\n<p style=\"text-align: center;\"><span style=\"font-family: sev;\">Situ\u00e9e entre la <strong>the Crozon peninsula<\/strong> et le <strong>Menez Hom<\/strong>, l&rsquo;activit\u00e9 est propos\u00e9e toute l&rsquo;ann\u00e9e <strong>\u00e0 partir de 8 ans<\/strong>.<\/span><\/p>\n<p style=\"text-align: center;\"><span style=\"font-family: sev;\"><a href=\"http:\/\/charavoileduboutdumonde.com\/en\/sensations-fortes-aux-char-a-voile-du-bout-du-monde\/9u7a0583_3000\/\" rel=\"attachment wp-att-1697\"><img loading=\"lazy\" decoding=\"async\" class=\"alignnone size-large wp-image-1697\" src=\"http:\/\/charavoileduboutdumonde.com\/wp-content\/uploads\/2021\/08\/9U7A0583_3000-1024x683.jpg\" alt=\"\" width=\"580\" height=\"387\" srcset=\"https:\/\/charavoileduboutdumonde.com\/wp-content\/uploads\/2021\/08\/9U7A0583_3000-1024x683.jpg 1024w, https:\/\/charavoileduboutdumonde.com\/wp-content\/uploads\/2021\/08\/9U7A0583_3000-300x200.jpg 300w, https:\/\/charavoileduboutdumonde.com\/wp-content\/uploads\/2021\/08\/9U7A0583_3000-768x512.jpg 768w, https:\/\/charavoileduboutdumonde.com\/wp-content\/uploads\/2021\/08\/9U7A0583_3000-1536x1024.jpg 1536w, https:\/\/charavoileduboutdumonde.com\/wp-content\/uploads\/2021\/08\/9U7A0583_3000-2048x1365.jpg 2048w, https:\/\/charavoileduboutdumonde.com\/wp-content\/uploads\/2021\/08\/9U7A0583_3000-1200x800.jpg 1200w, https:\/\/charavoileduboutdumonde.com\/wp-content\/uploads\/2021\/08\/9U7A0583_3000-1980x1320.jpg 1980w\" sizes=\"auto, (max-width: 580px) 100vw, 580px\" \/><\/a><\/span><\/p>\n<p style=\"text-align: center;\"><span style=\"font-family: sev;\">D\u00e9couverte, perfectionnement et randonn\u00e9e en char \u00e0 voile sont possibles.<\/span><\/p>\n<p style=\"text-align: center;\"><span style=\"font-family: sev;\">Retrouvez moi directement sur la plage en \u00e9t\u00e9, et n&rsquo;oubliez pas, ce sont les chars \u00e0 voiles bleus \ud83d\ude09<\/span><\/p>\n<p style=\"text-align: center;\"><span style=\"font-size: 24pt; font-family: sev;\"><strong>06.81.63.83.74<\/strong><\/span><\/p>\n<p>&nbsp;<\/p>\n<p>&nbsp;<\/p>","protected":false},"excerpt":{"rendered":"<p>Du vent dans les voiles au bout du monde Cet \u00e9t\u00e9, venez d\u00e9couvrir le char \u00e0 voile en Bretagne, \u00e0 la pointe Finist\u00e8re\u00a0avec l&rsquo;\u00e9cole de char \u00e0 voile du bout du monde !\u00a0 Sensations fortes garanties au ras du sol !\u00a0 Situ\u00e9e entre la presqu&rsquo;\u00eele de Crozon et le Menez Hom, l&rsquo;activit\u00e9 est propos\u00e9e toute [&hellip;]<\/p>","protected":false},"author":2,"featured_media":1696,"comment_status":"closed","ping_status":"open","sticky":false,"template":"","format":"standard","meta":{"inline_featured_image":false,"footnotes":""},"categories":[1],"tags":[],"class_list":["post-1695","post","type-post","status-publish","format-standard","has-post-thumbnail","hentry","category-non-classe"],"yoast_head":"<!-- This site is optimized with the Yoast SEO plugin v27.4 - https:\/\/yoast.com\/product\/yoast-seo-wordpress\/ -->\n<title>Sensations fortes aux char \u00e0 voile du bout du monde ! - Char \u00e0 Voile du Bout du Monde<\/title>\n<meta name=\"robots\" content=\"index, follow, max-snippet:-1, max-image-preview:large, max-video-preview:-1\" \/>\n<link rel=\"canonical\" href=\"http:\/\/charavoileduboutdumonde.com\/en\/sensations-fortes-aux-char-a-voile-du-bout-du-monde\/\" \/>\n<meta property=\"og:locale\" content=\"en_GB\" \/>\n<meta property=\"og:type\" content=\"article\" \/>\n<meta property=\"og:title\" content=\"Sensations fortes aux char \u00e0 voile du bout du monde ! - Char \u00e0 Voile du Bout du Monde\" \/>\n<meta property=\"og:description\" content=\"Du vent dans les voiles au bout du monde Cet \u00e9t\u00e9, venez d\u00e9couvrir le char \u00e0 voile en Bretagne, \u00e0 la pointe Finist\u00e8re\u00a0avec l&rsquo;\u00e9cole de char \u00e0 voile du bout du monde !\u00a0 Sensations fortes garanties au ras du sol !\u00a0 Situ\u00e9e entre la presqu&rsquo;\u00eele de Crozon et le Menez Hom, l&rsquo;activit\u00e9 est propos\u00e9e toute [&hellip;]\" \/>\n<meta property=\"og:url\" content=\"http:\/\/charavoileduboutdumonde.com\/en\/sensations-fortes-aux-char-a-voile-du-bout-du-monde\/\" \/>\n<meta property=\"og:site_name\" content=\"Char \u00e0 Voile du Bout du Monde\" \/>\n<meta property=\"article:publisher\" content=\"https:\/\/www.facebook.com\/charavoileduboutdumonde\/\" \/>\n<meta property=\"article:published_time\" content=\"2021-08-03T08:39:28+00:00\" \/>\n<meta property=\"article:modified_time\" content=\"2021-11-26T14:42:48+00:00\" \/>\n<meta property=\"og:image\" content=\"http:\/\/charavoileduboutdumonde.com\/wp-content\/uploads\/2021\/08\/9U7A0135_3000-scaled.jpg\" \/>\n\t<meta property=\"og:image:width\" content=\"2560\" \/>\n\t<meta property=\"og:image:height\" content=\"1707\" \/>\n\t<meta property=\"og:image:type\" content=\"image\/jpeg\" \/>\n<meta name=\"author\" content=\"charavoileduboutdumonde\" \/>\n<meta name=\"twitter:card\" content=\"summary_large_image\" \/>\n<meta name=\"twitter:label1\" content=\"Written by\" \/>\n\t<meta name=\"twitter:data1\" content=\"charavoileduboutdumonde\" \/>\n\t<meta name=\"twitter:label2\" content=\"Estimated reading time\" \/>\n\t<meta name=\"twitter:data2\" content=\"1 minute\" \/>\n<script type=\"application\/ld+json\" class=\"yoast-schema-graph\">{\"@context\":\"https:\\\/\\\/schema.org\",\"@graph\":[{\"@type\":\"Article\",\"@id\":\"http:\\\/\\\/charavoileduboutdumonde.com\\\/sensations-fortes-aux-char-a-voile-du-bout-du-monde\\\/#article\",\"isPartOf\":{\"@id\":\"http:\\\/\\\/charavoileduboutdumonde.com\\\/sensations-fortes-aux-char-a-voile-du-bout-du-monde\\\/\"},\"author\":{\"name\":\"charavoileduboutdumonde\",\"@id\":\"https:\\\/\\\/charavoileduboutdumonde.com\\\/#\\\/schema\\\/person\\\/c5da156e5c5b12702aa2ca9946f7070b\"},\"headline\":\"Sensations fortes aux char \u00e0 voile du bout du monde !\",\"datePublished\":\"2021-08-03T08:39:28+00:00\",\"dateModified\":\"2021-11-26T14:42:48+00:00\",\"mainEntityOfPage\":{\"@id\":\"http:\\\/\\\/charavoileduboutdumonde.com\\\/sensations-fortes-aux-char-a-voile-du-bout-du-monde\\\/\"},\"wordCount\":101,\"publisher\":{\"@id\":\"https:\\\/\\\/charavoileduboutdumonde.com\\\/#organization\"},\"image\":{\"@id\":\"http:\\\/\\\/charavoileduboutdumonde.com\\\/sensations-fortes-aux-char-a-voile-du-bout-du-monde\\\/#primaryimage\"},\"thumbnailUrl\":\"https:\\\/\\\/charavoileduboutdumonde.com\\\/wp-content\\\/uploads\\\/2021\\\/08\\\/9U7A0135_3000-scaled.jpg\",\"articleSection\":[\"Non class\u00e9\"],\"inLanguage\":\"en-GB\"},{\"@type\":\"WebPage\",\"@id\":\"http:\\\/\\\/charavoileduboutdumonde.com\\\/sensations-fortes-aux-char-a-voile-du-bout-du-monde\\\/\",\"url\":\"http:\\\/\\\/charavoileduboutdumonde.com\\\/sensations-fortes-aux-char-a-voile-du-bout-du-monde\\\/\",\"name\":\"Sensations fortes aux char \u00e0 voile du bout du monde ! - Char \u00e0 Voile du Bout du Monde\",\"isPartOf\":{\"@id\":\"https:\\\/\\\/charavoileduboutdumonde.com\\\/#website\"},\"primaryImageOfPage\":{\"@id\":\"http:\\\/\\\/charavoileduboutdumonde.com\\\/sensations-fortes-aux-char-a-voile-du-bout-du-monde\\\/#primaryimage\"},\"image\":{\"@id\":\"http:\\\/\\\/charavoileduboutdumonde.com\\\/sensations-fortes-aux-char-a-voile-du-bout-du-monde\\\/#primaryimage\"},\"thumbnailUrl\":\"https:\\\/\\\/charavoileduboutdumonde.com\\\/wp-content\\\/uploads\\\/2021\\\/08\\\/9U7A0135_3000-scaled.jpg\",\"datePublished\":\"2021-08-03T08:39:28+00:00\",\"dateModified\":\"2021-11-26T14:42:48+00:00\",\"breadcrumb\":{\"@id\":\"http:\\\/\\\/charavoileduboutdumonde.com\\\/sensations-fortes-aux-char-a-voile-du-bout-du-monde\\\/#breadcrumb\"},\"inLanguage\":\"en-GB\",\"potentialAction\":[{\"@type\":\"ReadAction\",\"target\":[\"http:\\\/\\\/charavoileduboutdumonde.com\\\/sensations-fortes-aux-char-a-voile-du-bout-du-monde\\\/\"]}]},{\"@type\":\"ImageObject\",\"inLanguage\":\"en-GB\",\"@id\":\"http:\\\/\\\/charavoileduboutdumonde.com\\\/sensations-fortes-aux-char-a-voile-du-bout-du-monde\\\/#primaryimage\",\"url\":\"https:\\\/\\\/charavoileduboutdumonde.com\\\/wp-content\\\/uploads\\\/2021\\\/08\\\/9U7A0135_3000-scaled.jpg\",\"contentUrl\":\"https:\\\/\\\/charavoileduboutdumonde.com\\\/wp-content\\\/uploads\\\/2021\\\/08\\\/9U7A0135_3000-scaled.jpg\",\"width\":2560,\"height\":1707},{\"@type\":\"BreadcrumbList\",\"@id\":\"http:\\\/\\\/charavoileduboutdumonde.com\\\/sensations-fortes-aux-char-a-voile-du-bout-du-monde\\\/#breadcrumb\",\"itemListElement\":[{\"@type\":\"ListItem\",\"position\":1,\"name\":\"Accueil\",\"item\":\"https:\\\/\\\/charavoileduboutdumonde.com\\\/\"},{\"@type\":\"ListItem\",\"position\":2,\"name\":\"Sensations fortes aux char \u00e0 voile du bout du monde !\"}]},{\"@type\":\"WebSite\",\"@id\":\"https:\\\/\\\/charavoileduboutdumonde.com\\\/#website\",\"url\":\"https:\\\/\\\/charavoileduboutdumonde.com\\\/\",\"name\":\"Char \u00e0 Voile du Bout du Monde\",\"description\":\"Char \u00e0 Voile du Bout du Monde - Char \u00e0 voile de loisir en Finist\u00e8re, Bretagne\",\"publisher\":{\"@id\":\"https:\\\/\\\/charavoileduboutdumonde.com\\\/#organization\"},\"potentialAction\":[{\"@type\":\"SearchAction\",\"target\":{\"@type\":\"EntryPoint\",\"urlTemplate\":\"https:\\\/\\\/charavoileduboutdumonde.com\\\/?s={search_term_string}\"},\"query-input\":{\"@type\":\"PropertyValueSpecification\",\"valueRequired\":true,\"valueName\":\"search_term_string\"}}],\"inLanguage\":\"en-GB\"},{\"@type\":\"Organization\",\"@id\":\"https:\\\/\\\/charavoileduboutdumonde.com\\\/#organization\",\"name\":\"Char \u00e0 Voile du Bout du Monde\",\"url\":\"https:\\\/\\\/charavoileduboutdumonde.com\\\/\",\"logo\":{\"@type\":\"ImageObject\",\"inLanguage\":\"en-GB\",\"@id\":\"https:\\\/\\\/charavoileduboutdumonde.com\\\/#\\\/schema\\\/logo\\\/image\\\/\",\"url\":\"https:\\\/\\\/charavoileduboutdumonde.com\\\/wp-content\\\/uploads\\\/2020\\\/05\\\/logoheader.png\",\"contentUrl\":\"https:\\\/\\\/charavoileduboutdumonde.com\\\/wp-content\\\/uploads\\\/2020\\\/05\\\/logoheader.png\",\"width\":249,\"height\":80,\"caption\":\"Char \u00e0 Voile du Bout du Monde\"},\"image\":{\"@id\":\"https:\\\/\\\/charavoileduboutdumonde.com\\\/#\\\/schema\\\/logo\\\/image\\\/\"},\"sameAs\":[\"https:\\\/\\\/www.facebook.com\\\/charavoileduboutdumonde\\\/\",\"https:\\\/\\\/www.instagram.com\\\/charavoileduboutdumonde\\\/\",\"https:\\\/\\\/www.youtube.com\\\/channel\\\/UC6oaDP9kS6oN_ZL61EhoDKw\\\/\"]},{\"@type\":\"Person\",\"@id\":\"https:\\\/\\\/charavoileduboutdumonde.com\\\/#\\\/schema\\\/person\\\/c5da156e5c5b12702aa2ca9946f7070b\",\"name\":\"charavoileduboutdumonde\",\"image\":{\"@type\":\"ImageObject\",\"inLanguage\":\"en-GB\",\"@id\":\"https:\\\/\\\/secure.gravatar.com\\\/avatar\\\/a807324b782435e178784a9109d80676e752c91433474922b3bde72033075754?s=96&d=mm&r=g\",\"url\":\"https:\\\/\\\/secure.gravatar.com\\\/avatar\\\/a807324b782435e178784a9109d80676e752c91433474922b3bde72033075754?s=96&d=mm&r=g\",\"contentUrl\":\"https:\\\/\\\/secure.gravatar.com\\\/avatar\\\/a807324b782435e178784a9109d80676e752c91433474922b3bde72033075754?s=96&d=mm&r=g\",\"caption\":\"charavoileduboutdumonde\"},\"url\":\"https:\\\/\\\/charavoileduboutdumonde.com\\\/en\\\/author\\\/charavoileduboutdumonde\\\/\"}]}<\/script>\n<!-- \/ Yoast SEO plugin. -->","yoast_head_json":{"title":"Sensations fortes aux char \u00e0 voile du bout du monde ! - Char \u00e0 Voile du Bout du Monde","robots":{"index":"index","follow":"follow","max-snippet":"max-snippet:-1","max-image-preview":"max-image-preview:large","max-video-preview":"max-video-preview:-1"},"canonical":"http:\/\/charavoileduboutdumonde.com\/en\/sensations-fortes-aux-char-a-voile-du-bout-du-monde\/","og_locale":"en_GB","og_type":"article","og_title":"Sensations fortes aux char \u00e0 voile du bout du monde ! - Char \u00e0 Voile du Bout du Monde","og_description":"Du vent dans les voiles au bout du monde Cet \u00e9t\u00e9, venez d\u00e9couvrir le char \u00e0 voile en Bretagne, \u00e0 la pointe Finist\u00e8re\u00a0avec l&rsquo;\u00e9cole de char \u00e0 voile du bout du monde !\u00a0 Sensations fortes garanties au ras du sol !\u00a0 Situ\u00e9e entre la presqu&rsquo;\u00eele de Crozon et le Menez Hom, l&rsquo;activit\u00e9 est propos\u00e9e toute [&hellip;]","og_url":"http:\/\/charavoileduboutdumonde.com\/en\/sensations-fortes-aux-char-a-voile-du-bout-du-monde\/","og_site_name":"Char \u00e0 Voile du Bout du Monde","article_publisher":"https:\/\/www.facebook.com\/charavoileduboutdumonde\/","article_published_time":"2021-08-03T08:39:28+00:00","article_modified_time":"2021-11-26T14:42:48+00:00","og_image":[{"width":2560,"height":1707,"url":"http:\/\/charavoileduboutdumonde.com\/wp-content\/uploads\/2021\/08\/9U7A0135_3000-scaled.jpg","type":"image\/jpeg"}],"author":"charavoileduboutdumonde","twitter_card":"summary_large_image","twitter_misc":{"Written by":"charavoileduboutdumonde","Estimated reading time":"1 minute"},"schema":{"@context":"https:\/\/schema.org","@graph":[{"@type":"Article","@id":"http:\/\/charavoileduboutdumonde.com\/sensations-fortes-aux-char-a-voile-du-bout-du-monde\/#article","isPartOf":{"@id":"http:\/\/charavoileduboutdumonde.com\/sensations-fortes-aux-char-a-voile-du-bout-du-monde\/"},"author":{"name":"charavoileduboutdumonde","@id":"https:\/\/charavoileduboutdumonde.com\/#\/schema\/person\/c5da156e5c5b12702aa2ca9946f7070b"},"headline":"Sensations fortes aux char \u00e0 voile du bout du monde !","datePublished":"2021-08-03T08:39:28+00:00","dateModified":"2021-11-26T14:42:48+00:00","mainEntityOfPage":{"@id":"http:\/\/charavoileduboutdumonde.com\/sensations-fortes-aux-char-a-voile-du-bout-du-monde\/"},"wordCount":101,"publisher":{"@id":"https:\/\/charavoileduboutdumonde.com\/#organization"},"image":{"@id":"http:\/\/charavoileduboutdumonde.com\/sensations-fortes-aux-char-a-voile-du-bout-du-monde\/#primaryimage"},"thumbnailUrl":"https:\/\/charavoileduboutdumonde.com\/wp-content\/uploads\/2021\/08\/9U7A0135_3000-scaled.jpg","articleSection":["Non class\u00e9"],"inLanguage":"en-GB"},{"@type":"WebPage","@id":"http:\/\/charavoileduboutdumonde.com\/sensations-fortes-aux-char-a-voile-du-bout-du-monde\/","url":"http:\/\/charavoileduboutdumonde.com\/sensations-fortes-aux-char-a-voile-du-bout-du-monde\/","name":"Sensations fortes aux char \u00e0 voile du bout du monde ! - Char \u00e0 Voile du Bout du Monde","isPartOf":{"@id":"https:\/\/charavoileduboutdumonde.com\/#website"},"primaryImageOfPage":{"@id":"http:\/\/charavoileduboutdumonde.com\/sensations-fortes-aux-char-a-voile-du-bout-du-monde\/#primaryimage"},"image":{"@id":"http:\/\/charavoileduboutdumonde.com\/sensations-fortes-aux-char-a-voile-du-bout-du-monde\/#primaryimage"},"thumbnailUrl":"https:\/\/charavoileduboutdumonde.com\/wp-content\/uploads\/2021\/08\/9U7A0135_3000-scaled.jpg","datePublished":"2021-08-03T08:39:28+00:00","dateModified":"2021-11-26T14:42:48+00:00","breadcrumb":{"@id":"http:\/\/charavoileduboutdumonde.com\/sensations-fortes-aux-char-a-voile-du-bout-du-monde\/#breadcrumb"},"inLanguage":"en-GB","potentialAction":[{"@type":"ReadAction","target":["http:\/\/charavoileduboutdumonde.com\/sensations-fortes-aux-char-a-voile-du-bout-du-monde\/"]}]},{"@type":"ImageObject","inLanguage":"en-GB","@id":"http:\/\/charavoileduboutdumonde.com\/sensations-fortes-aux-char-a-voile-du-bout-du-monde\/#primaryimage","url":"https:\/\/charavoileduboutdumonde.com\/wp-content\/uploads\/2021\/08\/9U7A0135_3000-scaled.jpg","contentUrl":"https:\/\/charavoileduboutdumonde.com\/wp-content\/uploads\/2021\/08\/9U7A0135_3000-scaled.jpg","width":2560,"height":1707},{"@type":"BreadcrumbList","@id":"http:\/\/charavoileduboutdumonde.com\/sensations-fortes-aux-char-a-voile-du-bout-du-monde\/#breadcrumb","itemListElement":[{"@type":"ListItem","position":1,"name":"Accueil","item":"https:\/\/charavoileduboutdumonde.com\/"},{"@type":"ListItem","position":2,"name":"Sensations fortes aux char \u00e0 voile du bout du monde !"}]},{"@type":"WebSite","@id":"https:\/\/charavoileduboutdumonde.com\/#website","url":"https:\/\/charavoileduboutdumonde.com\/","name":"Char \u00e0 Voile du Bout du Monde","description":"Char \u00e0 Voile du Bout du Monde - Char \u00e0 voile de loisir en Finist\u00e8re, Bretagne","publisher":{"@id":"https:\/\/charavoileduboutdumonde.com\/#organization"},"potentialAction":[{"@type":"SearchAction","target":{"@type":"EntryPoint","urlTemplate":"https:\/\/charavoileduboutdumonde.com\/?s={search_term_string}"},"query-input":{"@type":"PropertyValueSpecification","valueRequired":true,"valueName":"search_term_string"}}],"inLanguage":"en-GB"},{"@type":"Organization","@id":"https:\/\/charavoileduboutdumonde.com\/#organization","name":"Char \u00e0 Voile du Bout du Monde","url":"https:\/\/charavoileduboutdumonde.com\/","logo":{"@type":"ImageObject","inLanguage":"en-GB","@id":"https:\/\/charavoileduboutdumonde.com\/#\/schema\/logo\/image\/","url":"https:\/\/charavoileduboutdumonde.com\/wp-content\/uploads\/2020\/05\/logoheader.png","contentUrl":"https:\/\/charavoileduboutdumonde.com\/wp-content\/uploads\/2020\/05\/logoheader.png","width":249,"height":80,"caption":"Char \u00e0 Voile du Bout du Monde"},"image":{"@id":"https:\/\/charavoileduboutdumonde.com\/#\/schema\/logo\/image\/"},"sameAs":["https:\/\/www.facebook.com\/charavoileduboutdumonde\/","https:\/\/www.instagram.com\/charavoileduboutdumonde\/","https:\/\/www.youtube.com\/channel\/UC6oaDP9kS6oN_ZL61EhoDKw\/"]},{"@type":"Person","@id":"https:\/\/charavoileduboutdumonde.com\/#\/schema\/person\/c5da156e5c5b12702aa2ca9946f7070b","name":"charavoileduboutdumonde","image":{"@type":"ImageObject","inLanguage":"en-GB","@id":"https:\/\/secure.gravatar.com\/avatar\/a807324b782435e178784a9109d80676e752c91433474922b3bde72033075754?s=96&d=mm&r=g","url":"https:\/\/secure.gravatar.com\/avatar\/a807324b782435e178784a9109d80676e752c91433474922b3bde72033075754?s=96&d=mm&r=g","contentUrl":"https:\/\/secure.gravatar.com\/avatar\/a807324b782435e178784a9109d80676e752c91433474922b3bde72033075754?s=96&d=mm&r=g","caption":"charavoileduboutdumonde"},"url":"https:\/\/charavoileduboutdumonde.com\/en\/author\/charavoileduboutdumonde\/"}]}},"_links":{"self":[{"href":"https:\/\/charavoileduboutdumonde.com\/en\/wp-json\/wp\/v2\/posts\/1695","targetHints":{"allow":["GET"]}}],"collection":[{"href":"https:\/\/charavoileduboutdumonde.com\/en\/wp-json\/wp\/v2\/posts"}],"about":[{"href":"https:\/\/charavoileduboutdumonde.com\/en\/wp-json\/wp\/v2\/types\/post"}],"author":[{"embeddable":true,"href":"https:\/\/charavoileduboutdumonde.com\/en\/wp-json\/wp\/v2\/users\/2"}],"replies":[{"embeddable":true,"href":"https:\/\/charavoileduboutdumonde.com\/en\/wp-json\/wp\/v2\/comments?post=1695"}],"version-history":[{"count":3,"href":"https:\/\/charavoileduboutdumonde.com\/en\/wp-json\/wp\/v2\/posts\/1695\/revisions"}],"predecessor-version":[{"id":1848,"href":"https:\/\/charavoileduboutdumonde.com\/en\/wp-json\/wp\/v2\/posts\/1695\/revisions\/1848"}],"wp:featuredmedia":[{"embeddable":true,"href":"https:\/\/charavoileduboutdumonde.com\/en\/wp-json\/wp\/v2\/media\/1696"}],"wp:attachment":[{"href":"https:\/\/charavoileduboutdumonde.com\/en\/wp-json\/wp\/v2\/media?parent=1695"}],"wp:term":[{"taxonomy":"category","embeddable":true,"href":"https:\/\/charavoileduboutdumonde.com\/en\/wp-json\/wp\/v2\/categories?post=1695"},{"taxonomy":"post_tag","embeddable":true,"href":"https:\/\/charavoileduboutdumonde.com\/en\/wp-json\/wp\/v2\/tags?post=1695"}],"curies":[{"name":"wp","href":"https:\/\/api.w.org\/{rel}","templated":true}]}}