{"id":1827,"date":"2021-11-22T08:44:57","date_gmt":"2021-11-22T07:44:57","guid":{"rendered":"http:\/\/charavoileduboutdumonde.com\/?p=1827"},"modified":"2021-11-26T15:59:41","modified_gmt":"2021-11-26T14:59:41","slug":"le-pere-noel-du-bout-du-monde-2","status":"publish","type":"post","link":"https:\/\/charavoileduboutdumonde.com\/en\/le-pere-noel-du-bout-du-monde-2\/","title":{"rendered":"Le p\u00e8re No\u00ebl du bout du monde #2"},"content":{"rendered":"<p><a href=\"http:\/\/charavoileduboutdumonde.com\/en\/le-pere-noel-du-bout-du-monde-2\/affiche-pere-noel-du-bout-du-monde-2021\/\" rel=\"attachment wp-att-1828\"><img loading=\"lazy\" decoding=\"async\" class=\"size-large wp-image-1828 aligncenter\" src=\"http:\/\/charavoileduboutdumonde.com\/wp-content\/uploads\/2021\/11\/affiche-pere-noel-du-bout-du-monde-2021-1024x768.jpg\" alt=\"\" width=\"580\" height=\"435\" srcset=\"https:\/\/charavoileduboutdumonde.com\/wp-content\/uploads\/2021\/11\/affiche-pere-noel-du-bout-du-monde-2021-1024x768.jpg 1024w, https:\/\/charavoileduboutdumonde.com\/wp-content\/uploads\/2021\/11\/affiche-pere-noel-du-bout-du-monde-2021-300x225.jpg 300w, https:\/\/charavoileduboutdumonde.com\/wp-content\/uploads\/2021\/11\/affiche-pere-noel-du-bout-du-monde-2021-768x576.jpg 768w, https:\/\/charavoileduboutdumonde.com\/wp-content\/uploads\/2021\/11\/affiche-pere-noel-du-bout-du-monde-2021-1536x1152.jpg 1536w, https:\/\/charavoileduboutdumonde.com\/wp-content\/uploads\/2021\/11\/affiche-pere-noel-du-bout-du-monde-2021-2048x1536.jpg 2048w, https:\/\/charavoileduboutdumonde.com\/wp-content\/uploads\/2021\/11\/affiche-pere-noel-du-bout-du-monde-2021-1200x900.jpg 1200w, https:\/\/charavoileduboutdumonde.com\/wp-content\/uploads\/2021\/11\/affiche-pere-noel-du-bout-du-monde-2021-1980x1485.jpg 1980w\" sizes=\"auto, (max-width: 580px) 100vw, 580px\" \/><\/a><\/p>\n<h2 style=\"text-align: center;\"><span style=\"font-family: sev;\">Le P\u00e8re N\u00f6el du bout du monde<\/span><\/h2>\n<p style=\"text-align: center;\"><span style=\"font-family: sev;\">C&rsquo;est le retour de l&rsquo;hiver, des feux de chemin\u00e9e, des soir\u00e9es raclettes, &#8230;..mais aussi le retour de la magie des f\u00eates de No\u00ebl !<\/span><\/p>\n<p style=\"text-align: center;\"><span style=\"font-family: sev;\">Cette ann\u00e9e encore, l&rsquo;\u00e9cole de char \u00e0 voile vous propose des animations pour tenter de gagner des cadeaux ! \ud83c\udf81\u00a0<\/span><\/p>\n<h2 style=\"text-align: center;\"><span style=\"font-family: sev;\">Animations les week ends<\/span><\/h2>\n<p style=\"text-align: center;\"><span style=\"font-family: sev;\"><strong>Chaque samedi du mois de d\u00e9cembre<\/strong>, lors de votre s\u00e9ance de char \u00e0 voile, vous aurez la possibilit\u00e9 de tenter de <strong>gagner des bons cadeaux char \u00e0 voile<\/strong> ou encore <strong>des bonbons<\/strong> pour les enfants.<\/span><\/p>\n<p style=\"text-align: center;\"><span style=\"font-family: sev;\"><strong>Chaque dimanche<\/strong>, ce sera la <strong>rencontre avec le p\u00e8re No\u00ebl<\/strong>, ainsi que la traditionnelle <strong>photo souvenir<\/strong> pour petit et grand.<\/span><\/p>\n<p style=\"text-align: center;\"><span style=\"font-family: sev;\">Et bien s\u00fbr, il y&rsquo;aura encore beaucoup d&rsquo;autres surprises ! \ud83d\ude09<\/span><\/p>\n<p style=\"text-align: center;\"><span style=\"font-family: sev;\">R\u00e9servez d\u00e8s \u00e0 pr\u00e9sent votre s\u00e9ance aupr\u00e8s de J\u00e9r\u00f4me :<\/span><\/p>\n<p style=\"text-align: center;\"><span style=\"font-family: sev;\"> <strong>06.81.63.83.74<\/strong><\/span><\/p>\n<p>&nbsp;<\/p>","protected":false},"excerpt":{"rendered":"<p>Le P\u00e8re N\u00f6el du bout du monde C&rsquo;est le retour de l&rsquo;hiver, des feux de chemin\u00e9e, des soir\u00e9es raclettes, &#8230;..mais aussi le retour de la magie des f\u00eates de No\u00ebl ! Cette ann\u00e9e encore, l&rsquo;\u00e9cole de char \u00e0 voile vous propose des animations pour tenter de gagner des cadeaux ! \ud83c\udf81\u00a0 Animations les week ends [&hellip;]<\/p>","protected":false},"author":2,"featured_media":1828,"comment_status":"closed","ping_status":"open","sticky":false,"template":"","format":"standard","meta":{"inline_featured_image":false,"footnotes":""},"categories":[1],"tags":[],"class_list":["post-1827","post","type-post","status-publish","format-standard","has-post-thumbnail","hentry","category-non-classe"],"yoast_head":"<!-- This site is optimized with the Yoast SEO plugin v27.4 - https:\/\/yoast.com\/product\/yoast-seo-wordpress\/ -->\n<title>Le p\u00e8re No\u00ebl du bout du monde #2 - Char \u00e0 Voile du Bout du Monde<\/title>\n<meta name=\"description\" content=\"Durant tout le mois de d\u00e9cembre, retrouvez la magie de N\u00f6el sur la plage de Lestrevet avec char \u00e0 voile du bout du monde !\" \/>\n<meta name=\"robots\" content=\"index, follow, max-snippet:-1, max-image-preview:large, max-video-preview:-1\" \/>\n<link rel=\"canonical\" href=\"http:\/\/charavoileduboutdumonde.com\/en\/le-pere-noel-du-bout-du-monde-2\/\" \/>\n<meta property=\"og:locale\" content=\"en_GB\" \/>\n<meta property=\"og:type\" content=\"article\" \/>\n<meta property=\"og:title\" content=\"Le p\u00e8re No\u00ebl du bout du monde #2 - Char \u00e0 Voile du Bout du Monde\" \/>\n<meta property=\"og:description\" content=\"Durant tout le mois de d\u00e9cembre, retrouvez la magie de N\u00f6el sur la plage de Lestrevet avec char \u00e0 voile du bout du monde !\" \/>\n<meta property=\"og:url\" content=\"http:\/\/charavoileduboutdumonde.com\/en\/le-pere-noel-du-bout-du-monde-2\/\" \/>\n<meta property=\"og:site_name\" content=\"Char \u00e0 Voile du Bout du Monde\" \/>\n<meta property=\"article:publisher\" content=\"https:\/\/www.facebook.com\/charavoileduboutdumonde\/\" \/>\n<meta property=\"article:published_time\" content=\"2021-11-22T07:44:57+00:00\" \/>\n<meta property=\"article:modified_time\" content=\"2021-11-26T14:59:41+00:00\" \/>\n<meta property=\"og:image\" content=\"http:\/\/charavoileduboutdumonde.com\/wp-content\/uploads\/2021\/11\/affiche-pere-noel-du-bout-du-monde-2021-scaled.jpg\" \/>\n\t<meta property=\"og:image:width\" content=\"2560\" \/>\n\t<meta property=\"og:image:height\" content=\"1920\" \/>\n\t<meta property=\"og:image:type\" content=\"image\/jpeg\" \/>\n<meta name=\"author\" content=\"charavoileduboutdumonde\" \/>\n<meta name=\"twitter:card\" content=\"summary_large_image\" \/>\n<meta name=\"twitter:label1\" content=\"Written by\" \/>\n\t<meta name=\"twitter:data1\" content=\"charavoileduboutdumonde\" \/>\n\t<meta name=\"twitter:label2\" content=\"Estimated reading time\" \/>\n\t<meta name=\"twitter:data2\" content=\"1 minute\" \/>\n<script type=\"application\/ld+json\" class=\"yoast-schema-graph\">{\"@context\":\"https:\\\/\\\/schema.org\",\"@graph\":[{\"@type\":\"Article\",\"@id\":\"http:\\\/\\\/charavoileduboutdumonde.com\\\/le-pere-noel-du-bout-du-monde-2\\\/#article\",\"isPartOf\":{\"@id\":\"http:\\\/\\\/charavoileduboutdumonde.com\\\/le-pere-noel-du-bout-du-monde-2\\\/\"},\"author\":{\"name\":\"charavoileduboutdumonde\",\"@id\":\"https:\\\/\\\/charavoileduboutdumonde.com\\\/#\\\/schema\\\/person\\\/c5da156e5c5b12702aa2ca9946f7070b\"},\"headline\":\"Le p\u00e8re No\u00ebl du bout du monde #2\",\"datePublished\":\"2021-11-22T07:44:57+00:00\",\"dateModified\":\"2021-11-26T14:59:41+00:00\",\"mainEntityOfPage\":{\"@id\":\"http:\\\/\\\/charavoileduboutdumonde.com\\\/le-pere-noel-du-bout-du-monde-2\\\/\"},\"wordCount\":151,\"publisher\":{\"@id\":\"https:\\\/\\\/charavoileduboutdumonde.com\\\/#organization\"},\"image\":{\"@id\":\"http:\\\/\\\/charavoileduboutdumonde.com\\\/le-pere-noel-du-bout-du-monde-2\\\/#primaryimage\"},\"thumbnailUrl\":\"https:\\\/\\\/charavoileduboutdumonde.com\\\/wp-content\\\/uploads\\\/2021\\\/11\\\/affiche-pere-noel-du-bout-du-monde-2021-scaled.jpg\",\"articleSection\":[\"Non class\u00e9\"],\"inLanguage\":\"en-GB\"},{\"@type\":\"WebPage\",\"@id\":\"http:\\\/\\\/charavoileduboutdumonde.com\\\/le-pere-noel-du-bout-du-monde-2\\\/\",\"url\":\"http:\\\/\\\/charavoileduboutdumonde.com\\\/le-pere-noel-du-bout-du-monde-2\\\/\",\"name\":\"Le p\u00e8re No\u00ebl du bout du monde #2 - Char \u00e0 Voile du Bout du Monde\",\"isPartOf\":{\"@id\":\"https:\\\/\\\/charavoileduboutdumonde.com\\\/#website\"},\"primaryImageOfPage\":{\"@id\":\"http:\\\/\\\/charavoileduboutdumonde.com\\\/le-pere-noel-du-bout-du-monde-2\\\/#primaryimage\"},\"image\":{\"@id\":\"http:\\\/\\\/charavoileduboutdumonde.com\\\/le-pere-noel-du-bout-du-monde-2\\\/#primaryimage\"},\"thumbnailUrl\":\"https:\\\/\\\/charavoileduboutdumonde.com\\\/wp-content\\\/uploads\\\/2021\\\/11\\\/affiche-pere-noel-du-bout-du-monde-2021-scaled.jpg\",\"datePublished\":\"2021-11-22T07:44:57+00:00\",\"dateModified\":\"2021-11-26T14:59:41+00:00\",\"description\":\"Durant tout le mois de d\u00e9cembre, retrouvez la magie de N\u00f6el sur la plage de Lestrevet avec char \u00e0 voile du bout du monde !\",\"breadcrumb\":{\"@id\":\"http:\\\/\\\/charavoileduboutdumonde.com\\\/le-pere-noel-du-bout-du-monde-2\\\/#breadcrumb\"},\"inLanguage\":\"en-GB\",\"potentialAction\":[{\"@type\":\"ReadAction\",\"target\":[\"http:\\\/\\\/charavoileduboutdumonde.com\\\/le-pere-noel-du-bout-du-monde-2\\\/\"]}]},{\"@type\":\"ImageObject\",\"inLanguage\":\"en-GB\",\"@id\":\"http:\\\/\\\/charavoileduboutdumonde.com\\\/le-pere-noel-du-bout-du-monde-2\\\/#primaryimage\",\"url\":\"https:\\\/\\\/charavoileduboutdumonde.com\\\/wp-content\\\/uploads\\\/2021\\\/11\\\/affiche-pere-noel-du-bout-du-monde-2021-scaled.jpg\",\"contentUrl\":\"https:\\\/\\\/charavoileduboutdumonde.com\\\/wp-content\\\/uploads\\\/2021\\\/11\\\/affiche-pere-noel-du-bout-du-monde-2021-scaled.jpg\",\"width\":2560,\"height\":1920},{\"@type\":\"BreadcrumbList\",\"@id\":\"http:\\\/\\\/charavoileduboutdumonde.com\\\/le-pere-noel-du-bout-du-monde-2\\\/#breadcrumb\",\"itemListElement\":[{\"@type\":\"ListItem\",\"position\":1,\"name\":\"Accueil\",\"item\":\"https:\\\/\\\/charavoileduboutdumonde.com\\\/\"},{\"@type\":\"ListItem\",\"position\":2,\"name\":\"Le p\u00e8re No\u00ebl du bout du monde #2\"}]},{\"@type\":\"WebSite\",\"@id\":\"https:\\\/\\\/charavoileduboutdumonde.com\\\/#website\",\"url\":\"https:\\\/\\\/charavoileduboutdumonde.com\\\/\",\"name\":\"Char \u00e0 Voile du Bout du Monde\",\"description\":\"Char \u00e0 Voile du Bout du Monde - Char \u00e0 voile de loisir en Finist\u00e8re, Bretagne\",\"publisher\":{\"@id\":\"https:\\\/\\\/charavoileduboutdumonde.com\\\/#organization\"},\"potentialAction\":[{\"@type\":\"SearchAction\",\"target\":{\"@type\":\"EntryPoint\",\"urlTemplate\":\"https:\\\/\\\/charavoileduboutdumonde.com\\\/?s={search_term_string}\"},\"query-input\":{\"@type\":\"PropertyValueSpecification\",\"valueRequired\":true,\"valueName\":\"search_term_string\"}}],\"inLanguage\":\"en-GB\"},{\"@type\":\"Organization\",\"@id\":\"https:\\\/\\\/charavoileduboutdumonde.com\\\/#organization\",\"name\":\"Char \u00e0 Voile du Bout du Monde\",\"url\":\"https:\\\/\\\/charavoileduboutdumonde.com\\\/\",\"logo\":{\"@type\":\"ImageObject\",\"inLanguage\":\"en-GB\",\"@id\":\"https:\\\/\\\/charavoileduboutdumonde.com\\\/#\\\/schema\\\/logo\\\/image\\\/\",\"url\":\"https:\\\/\\\/charavoileduboutdumonde.com\\\/wp-content\\\/uploads\\\/2020\\\/05\\\/logoheader.png\",\"contentUrl\":\"https:\\\/\\\/charavoileduboutdumonde.com\\\/wp-content\\\/uploads\\\/2020\\\/05\\\/logoheader.png\",\"width\":249,\"height\":80,\"caption\":\"Char \u00e0 Voile du Bout du Monde\"},\"image\":{\"@id\":\"https:\\\/\\\/charavoileduboutdumonde.com\\\/#\\\/schema\\\/logo\\\/image\\\/\"},\"sameAs\":[\"https:\\\/\\\/www.facebook.com\\\/charavoileduboutdumonde\\\/\",\"https:\\\/\\\/www.instagram.com\\\/charavoileduboutdumonde\\\/\",\"https:\\\/\\\/www.youtube.com\\\/channel\\\/UC6oaDP9kS6oN_ZL61EhoDKw\\\/\"]},{\"@type\":\"Person\",\"@id\":\"https:\\\/\\\/charavoileduboutdumonde.com\\\/#\\\/schema\\\/person\\\/c5da156e5c5b12702aa2ca9946f7070b\",\"name\":\"charavoileduboutdumonde\",\"image\":{\"@type\":\"ImageObject\",\"inLanguage\":\"en-GB\",\"@id\":\"https:\\\/\\\/secure.gravatar.com\\\/avatar\\\/a807324b782435e178784a9109d80676e752c91433474922b3bde72033075754?s=96&d=mm&r=g\",\"url\":\"https:\\\/\\\/secure.gravatar.com\\\/avatar\\\/a807324b782435e178784a9109d80676e752c91433474922b3bde72033075754?s=96&d=mm&r=g\",\"contentUrl\":\"https:\\\/\\\/secure.gravatar.com\\\/avatar\\\/a807324b782435e178784a9109d80676e752c91433474922b3bde72033075754?s=96&d=mm&r=g\",\"caption\":\"charavoileduboutdumonde\"},\"url\":\"https:\\\/\\\/charavoileduboutdumonde.com\\\/en\\\/author\\\/charavoileduboutdumonde\\\/\"}]}<\/script>\n<!-- \/ Yoast SEO plugin. -->","yoast_head_json":{"title":"Le p\u00e8re No\u00ebl du bout du monde #2 - Char \u00e0 Voile du Bout du Monde","description":"Durant tout le mois de d\u00e9cembre, retrouvez la magie de N\u00f6el sur la plage de Lestrevet avec char \u00e0 voile du bout du monde !","robots":{"index":"index","follow":"follow","max-snippet":"max-snippet:-1","max-image-preview":"max-image-preview:large","max-video-preview":"max-video-preview:-1"},"canonical":"http:\/\/charavoileduboutdumonde.com\/en\/le-pere-noel-du-bout-du-monde-2\/","og_locale":"en_GB","og_type":"article","og_title":"Le p\u00e8re No\u00ebl du bout du monde #2 - Char \u00e0 Voile du Bout du Monde","og_description":"Durant tout le mois de d\u00e9cembre, retrouvez la magie de N\u00f6el sur la plage de Lestrevet avec char \u00e0 voile du bout du monde !","og_url":"http:\/\/charavoileduboutdumonde.com\/en\/le-pere-noel-du-bout-du-monde-2\/","og_site_name":"Char \u00e0 Voile du Bout du Monde","article_publisher":"https:\/\/www.facebook.com\/charavoileduboutdumonde\/","article_published_time":"2021-11-22T07:44:57+00:00","article_modified_time":"2021-11-26T14:59:41+00:00","og_image":[{"width":2560,"height":1920,"url":"http:\/\/charavoileduboutdumonde.com\/wp-content\/uploads\/2021\/11\/affiche-pere-noel-du-bout-du-monde-2021-scaled.jpg","type":"image\/jpeg"}],"author":"charavoileduboutdumonde","twitter_card":"summary_large_image","twitter_misc":{"Written by":"charavoileduboutdumonde","Estimated reading time":"1 minute"},"schema":{"@context":"https:\/\/schema.org","@graph":[{"@type":"Article","@id":"http:\/\/charavoileduboutdumonde.com\/le-pere-noel-du-bout-du-monde-2\/#article","isPartOf":{"@id":"http:\/\/charavoileduboutdumonde.com\/le-pere-noel-du-bout-du-monde-2\/"},"author":{"name":"charavoileduboutdumonde","@id":"https:\/\/charavoileduboutdumonde.com\/#\/schema\/person\/c5da156e5c5b12702aa2ca9946f7070b"},"headline":"Le p\u00e8re No\u00ebl du bout du monde #2","datePublished":"2021-11-22T07:44:57+00:00","dateModified":"2021-11-26T14:59:41+00:00","mainEntityOfPage":{"@id":"http:\/\/charavoileduboutdumonde.com\/le-pere-noel-du-bout-du-monde-2\/"},"wordCount":151,"publisher":{"@id":"https:\/\/charavoileduboutdumonde.com\/#organization"},"image":{"@id":"http:\/\/charavoileduboutdumonde.com\/le-pere-noel-du-bout-du-monde-2\/#primaryimage"},"thumbnailUrl":"https:\/\/charavoileduboutdumonde.com\/wp-content\/uploads\/2021\/11\/affiche-pere-noel-du-bout-du-monde-2021-scaled.jpg","articleSection":["Non class\u00e9"],"inLanguage":"en-GB"},{"@type":"WebPage","@id":"http:\/\/charavoileduboutdumonde.com\/le-pere-noel-du-bout-du-monde-2\/","url":"http:\/\/charavoileduboutdumonde.com\/le-pere-noel-du-bout-du-monde-2\/","name":"Le p\u00e8re No\u00ebl du bout du monde #2 - Char \u00e0 Voile du Bout du Monde","isPartOf":{"@id":"https:\/\/charavoileduboutdumonde.com\/#website"},"primaryImageOfPage":{"@id":"http:\/\/charavoileduboutdumonde.com\/le-pere-noel-du-bout-du-monde-2\/#primaryimage"},"image":{"@id":"http:\/\/charavoileduboutdumonde.com\/le-pere-noel-du-bout-du-monde-2\/#primaryimage"},"thumbnailUrl":"https:\/\/charavoileduboutdumonde.com\/wp-content\/uploads\/2021\/11\/affiche-pere-noel-du-bout-du-monde-2021-scaled.jpg","datePublished":"2021-11-22T07:44:57+00:00","dateModified":"2021-11-26T14:59:41+00:00","description":"Durant tout le mois de d\u00e9cembre, retrouvez la magie de N\u00f6el sur la plage de Lestrevet avec char \u00e0 voile du bout du monde !","breadcrumb":{"@id":"http:\/\/charavoileduboutdumonde.com\/le-pere-noel-du-bout-du-monde-2\/#breadcrumb"},"inLanguage":"en-GB","potentialAction":[{"@type":"ReadAction","target":["http:\/\/charavoileduboutdumonde.com\/le-pere-noel-du-bout-du-monde-2\/"]}]},{"@type":"ImageObject","inLanguage":"en-GB","@id":"http:\/\/charavoileduboutdumonde.com\/le-pere-noel-du-bout-du-monde-2\/#primaryimage","url":"https:\/\/charavoileduboutdumonde.com\/wp-content\/uploads\/2021\/11\/affiche-pere-noel-du-bout-du-monde-2021-scaled.jpg","contentUrl":"https:\/\/charavoileduboutdumonde.com\/wp-content\/uploads\/2021\/11\/affiche-pere-noel-du-bout-du-monde-2021-scaled.jpg","width":2560,"height":1920},{"@type":"BreadcrumbList","@id":"http:\/\/charavoileduboutdumonde.com\/le-pere-noel-du-bout-du-monde-2\/#breadcrumb","itemListElement":[{"@type":"ListItem","position":1,"name":"Accueil","item":"https:\/\/charavoileduboutdumonde.com\/"},{"@type":"ListItem","position":2,"name":"Le p\u00e8re No\u00ebl du bout du monde #2"}]},{"@type":"WebSite","@id":"https:\/\/charavoileduboutdumonde.com\/#website","url":"https:\/\/charavoileduboutdumonde.com\/","name":"Char \u00e0 Voile du Bout du Monde","description":"Char \u00e0 Voile du Bout du Monde - Char \u00e0 voile de loisir en Finist\u00e8re, Bretagne","publisher":{"@id":"https:\/\/charavoileduboutdumonde.com\/#organization"},"potentialAction":[{"@type":"SearchAction","target":{"@type":"EntryPoint","urlTemplate":"https:\/\/charavoileduboutdumonde.com\/?s={search_term_string}"},"query-input":{"@type":"PropertyValueSpecification","valueRequired":true,"valueName":"search_term_string"}}],"inLanguage":"en-GB"},{"@type":"Organization","@id":"https:\/\/charavoileduboutdumonde.com\/#organization","name":"Char \u00e0 Voile du Bout du Monde","url":"https:\/\/charavoileduboutdumonde.com\/","logo":{"@type":"ImageObject","inLanguage":"en-GB","@id":"https:\/\/charavoileduboutdumonde.com\/#\/schema\/logo\/image\/","url":"https:\/\/charavoileduboutdumonde.com\/wp-content\/uploads\/2020\/05\/logoheader.png","contentUrl":"https:\/\/charavoileduboutdumonde.com\/wp-content\/uploads\/2020\/05\/logoheader.png","width":249,"height":80,"caption":"Char \u00e0 Voile du Bout du Monde"},"image":{"@id":"https:\/\/charavoileduboutdumonde.com\/#\/schema\/logo\/image\/"},"sameAs":["https:\/\/www.facebook.com\/charavoileduboutdumonde\/","https:\/\/www.instagram.com\/charavoileduboutdumonde\/","https:\/\/www.youtube.com\/channel\/UC6oaDP9kS6oN_ZL61EhoDKw\/"]},{"@type":"Person","@id":"https:\/\/charavoileduboutdumonde.com\/#\/schema\/person\/c5da156e5c5b12702aa2ca9946f7070b","name":"charavoileduboutdumonde","image":{"@type":"ImageObject","inLanguage":"en-GB","@id":"https:\/\/secure.gravatar.com\/avatar\/a807324b782435e178784a9109d80676e752c91433474922b3bde72033075754?s=96&d=mm&r=g","url":"https:\/\/secure.gravatar.com\/avatar\/a807324b782435e178784a9109d80676e752c91433474922b3bde72033075754?s=96&d=mm&r=g","contentUrl":"https:\/\/secure.gravatar.com\/avatar\/a807324b782435e178784a9109d80676e752c91433474922b3bde72033075754?s=96&d=mm&r=g","caption":"charavoileduboutdumonde"},"url":"https:\/\/charavoileduboutdumonde.com\/en\/author\/charavoileduboutdumonde\/"}]}},"_links":{"self":[{"href":"https:\/\/charavoileduboutdumonde.com\/en\/wp-json\/wp\/v2\/posts\/1827","targetHints":{"allow":["GET"]}}],"collection":[{"href":"https:\/\/charavoileduboutdumonde.com\/en\/wp-json\/wp\/v2\/posts"}],"about":[{"href":"https:\/\/charavoileduboutdumonde.com\/en\/wp-json\/wp\/v2\/types\/post"}],"author":[{"embeddable":true,"href":"https:\/\/charavoileduboutdumonde.com\/en\/wp-json\/wp\/v2\/users\/2"}],"replies":[{"embeddable":true,"href":"https:\/\/charavoileduboutdumonde.com\/en\/wp-json\/wp\/v2\/comments?post=1827"}],"version-history":[{"count":3,"href":"https:\/\/charavoileduboutdumonde.com\/en\/wp-json\/wp\/v2\/posts\/1827\/revisions"}],"predecessor-version":[{"id":1831,"href":"https:\/\/charavoileduboutdumonde.com\/en\/wp-json\/wp\/v2\/posts\/1827\/revisions\/1831"}],"wp:featuredmedia":[{"embeddable":true,"href":"https:\/\/charavoileduboutdumonde.com\/en\/wp-json\/wp\/v2\/media\/1828"}],"wp:attachment":[{"href":"https:\/\/charavoileduboutdumonde.com\/en\/wp-json\/wp\/v2\/media?parent=1827"}],"wp:term":[{"taxonomy":"category","embeddable":true,"href":"https:\/\/charavoileduboutdumonde.com\/en\/wp-json\/wp\/v2\/categories?post=1827"},{"taxonomy":"post_tag","embeddable":true,"href":"https:\/\/charavoileduboutdumonde.com\/en\/wp-json\/wp\/v2\/tags?post=1827"}],"curies":[{"name":"wp","href":"https:\/\/api.w.org\/{rel}","templated":true}]}}