{"id":2038,"date":"2022-05-02T09:21:13","date_gmt":"2022-05-02T07:21:13","guid":{"rendered":"https:\/\/charavoileduboutdumonde.com\/?p=2038"},"modified":"2022-05-02T09:23:18","modified_gmt":"2022-05-02T07:23:18","slug":"nouveau-depliant-2022-%f0%9f%a4%a9","status":"publish","type":"post","link":"https:\/\/charavoileduboutdumonde.com\/en\/nouveau-depliant-2022-%f0%9f%a4%a9\/","title":{"rendered":"Nouveau D\u00e9pliant 2022 \ud83e\udd29"},"content":{"rendered":"<p>&nbsp;<\/p>\n<h2>D\u00e9pliant des activit\u00e9s 2022<\/h2>\n<p><span style=\"font-family: sev;\">Apr\u00e8s plusieurs semaines de travail et de r\u00e9flexion, je vous pr\u00e9sente les d\u00e9pliants des activit\u00e9s de char \u00e0 voile du bout du monde pour cette saison 2022 !<\/span><\/p>\n<p><span style=\"font-family: sev;\">Vous y trouverez de nouvelles activit\u00e9s, et aussi une partie r\u00e9server aux groupes avec une large offre d&rsquo;activit\u00e9s de plein air !<\/span><\/p>\n<p><span style=\"font-family: sev;\">Vous pouvez retrouver le d\u00e9pliant dans les offices de tourisme de la presqu\u2019\u00eele de Crozon, ainsi que dans les offices du Menez Hom atlantique.<\/span><\/p>\n<p><span style=\"font-family: sev;\">Pour les h\u00e9bergeurs, je propose de vous en d\u00e9poser sur demande afin d&rsquo;informer vos h\u00f4tes des offres de loisirs du territoire.<\/span><\/p>\n<p><span style=\"font-family: sev;\">Pour r\u00e9server votre activit\u00e9, toujours le m\u00eame proc\u00e9der \ud83d\udc49 06.81.63.83.74<\/span><a href=\"https:\/\/charavoileduboutdumonde.com\/en\/nouveau-depliant-2022-%f0%9f%a4%a9\/img_6954\/\" rel=\"attachment wp-att-2039\"><img loading=\"lazy\" decoding=\"async\" class=\"alignnone size-large wp-image-2039\" src=\"http:\/\/charavoileduboutdumonde.com\/wp-content\/uploads\/2022\/05\/IMG_6954-768x1024.jpg\" alt=\"\" width=\"580\" height=\"773\" srcset=\"https:\/\/charavoileduboutdumonde.com\/wp-content\/uploads\/2022\/05\/IMG_6954-768x1024.jpg 768w, https:\/\/charavoileduboutdumonde.com\/wp-content\/uploads\/2022\/05\/IMG_6954-225x300.jpg 225w, https:\/\/charavoileduboutdumonde.com\/wp-content\/uploads\/2022\/05\/IMG_6954-1152x1536.jpg 1152w, https:\/\/charavoileduboutdumonde.com\/wp-content\/uploads\/2022\/05\/IMG_6954-1536x2048.jpg 1536w, https:\/\/charavoileduboutdumonde.com\/wp-content\/uploads\/2022\/05\/IMG_6954-1200x1600.jpg 1200w, https:\/\/charavoileduboutdumonde.com\/wp-content\/uploads\/2022\/05\/IMG_6954-1980x2640.jpg 1980w, https:\/\/charavoileduboutdumonde.com\/wp-content\/uploads\/2022\/05\/IMG_6954-scaled.jpg 1920w\" sizes=\"auto, (max-width: 580px) 100vw, 580px\" \/><\/a><\/p>","protected":false},"excerpt":{"rendered":"<p>&nbsp; D\u00e9pliant des activit\u00e9s 2022 Apr\u00e8s plusieurs semaines de travail et de r\u00e9flexion, je vous pr\u00e9sente les d\u00e9pliants des activit\u00e9s de char \u00e0 voile du bout du monde pour cette saison 2022 ! Vous y trouverez de nouvelles activit\u00e9s, et aussi une partie r\u00e9server aux groupes avec une large offre d&rsquo;activit\u00e9s de plein air ! [&hellip;]<\/p>","protected":false},"author":2,"featured_media":2039,"comment_status":"closed","ping_status":"open","sticky":false,"template":"","format":"standard","meta":{"inline_featured_image":false,"footnotes":""},"categories":[1],"tags":[],"class_list":["post-2038","post","type-post","status-publish","format-standard","has-post-thumbnail","hentry","category-non-classe"],"yoast_head":"<!-- This site is optimized with the Yoast SEO plugin v27.4 - https:\/\/yoast.com\/product\/yoast-seo-wordpress\/ -->\n<title>Nouveau D\u00e9pliant 2022 \ud83e\udd29 - Char \u00e0 Voile du Bout du Monde<\/title>\n<meta name=\"robots\" content=\"index, follow, max-snippet:-1, max-image-preview:large, max-video-preview:-1\" \/>\n<link rel=\"canonical\" href=\"https:\/\/charavoileduboutdumonde.com\/en\/nouveau-depliant-2022-\ud83e\udd29\/\" \/>\n<meta property=\"og:locale\" content=\"en_GB\" \/>\n<meta property=\"og:type\" content=\"article\" \/>\n<meta property=\"og:title\" content=\"Nouveau D\u00e9pliant 2022 \ud83e\udd29 - Char \u00e0 Voile du Bout du Monde\" \/>\n<meta property=\"og:description\" content=\"&nbsp; D\u00e9pliant des activit\u00e9s 2022 Apr\u00e8s plusieurs semaines de travail et de r\u00e9flexion, je vous pr\u00e9sente les d\u00e9pliants des activit\u00e9s de char \u00e0 voile du bout du monde pour cette saison 2022 ! Vous y trouverez de nouvelles activit\u00e9s, et aussi une partie r\u00e9server aux groupes avec une large offre d&rsquo;activit\u00e9s de plein air ! [&hellip;]\" \/>\n<meta property=\"og:url\" content=\"https:\/\/charavoileduboutdumonde.com\/en\/nouveau-depliant-2022-\ud83e\udd29\/\" \/>\n<meta property=\"og:site_name\" content=\"Char \u00e0 Voile du Bout du Monde\" \/>\n<meta property=\"article:publisher\" content=\"https:\/\/www.facebook.com\/charavoileduboutdumonde\/\" \/>\n<meta property=\"article:published_time\" content=\"2022-05-02T07:21:13+00:00\" \/>\n<meta property=\"article:modified_time\" content=\"2022-05-02T07:23:18+00:00\" \/>\n<meta property=\"og:image\" content=\"http:\/\/charavoileduboutdumonde.com\/wp-content\/uploads\/2022\/05\/IMG_6954-scaled.jpg\" \/>\n\t<meta property=\"og:image:width\" content=\"1920\" \/>\n\t<meta property=\"og:image:height\" content=\"2560\" \/>\n\t<meta property=\"og:image:type\" content=\"image\/jpeg\" \/>\n<meta name=\"author\" content=\"charavoileduboutdumonde\" \/>\n<meta name=\"twitter:card\" content=\"summary_large_image\" \/>\n<meta name=\"twitter:label1\" content=\"Written by\" \/>\n\t<meta name=\"twitter:data1\" content=\"charavoileduboutdumonde\" \/>\n\t<meta name=\"twitter:label2\" content=\"Estimated reading time\" \/>\n\t<meta name=\"twitter:data2\" content=\"1 minute\" \/>\n<script type=\"application\/ld+json\" class=\"yoast-schema-graph\">{\"@context\":\"https:\\\/\\\/schema.org\",\"@graph\":[{\"@type\":\"Article\",\"@id\":\"https:\\\/\\\/charavoileduboutdumonde.com\\\/nouveau-depliant-2022-%f0%9f%a4%a9\\\/#article\",\"isPartOf\":{\"@id\":\"https:\\\/\\\/charavoileduboutdumonde.com\\\/nouveau-depliant-2022-%f0%9f%a4%a9\\\/\"},\"author\":{\"name\":\"charavoileduboutdumonde\",\"@id\":\"https:\\\/\\\/charavoileduboutdumonde.com\\\/#\\\/schema\\\/person\\\/c5da156e5c5b12702aa2ca9946f7070b\"},\"headline\":\"Nouveau D\u00e9pliant 2022 \ud83e\udd29\",\"datePublished\":\"2022-05-02T07:21:13+00:00\",\"dateModified\":\"2022-05-02T07:23:18+00:00\",\"mainEntityOfPage\":{\"@id\":\"https:\\\/\\\/charavoileduboutdumonde.com\\\/nouveau-depliant-2022-%f0%9f%a4%a9\\\/\"},\"wordCount\":124,\"publisher\":{\"@id\":\"https:\\\/\\\/charavoileduboutdumonde.com\\\/#organization\"},\"image\":{\"@id\":\"https:\\\/\\\/charavoileduboutdumonde.com\\\/nouveau-depliant-2022-%f0%9f%a4%a9\\\/#primaryimage\"},\"thumbnailUrl\":\"https:\\\/\\\/charavoileduboutdumonde.com\\\/wp-content\\\/uploads\\\/2022\\\/05\\\/IMG_6954-scaled.jpg\",\"articleSection\":[\"Non class\u00e9\"],\"inLanguage\":\"en-GB\"},{\"@type\":\"WebPage\",\"@id\":\"https:\\\/\\\/charavoileduboutdumonde.com\\\/nouveau-depliant-2022-%f0%9f%a4%a9\\\/\",\"url\":\"https:\\\/\\\/charavoileduboutdumonde.com\\\/nouveau-depliant-2022-%f0%9f%a4%a9\\\/\",\"name\":\"Nouveau D\u00e9pliant 2022 \ud83e\udd29 - Char \u00e0 Voile du Bout du Monde\",\"isPartOf\":{\"@id\":\"https:\\\/\\\/charavoileduboutdumonde.com\\\/#website\"},\"primaryImageOfPage\":{\"@id\":\"https:\\\/\\\/charavoileduboutdumonde.com\\\/nouveau-depliant-2022-%f0%9f%a4%a9\\\/#primaryimage\"},\"image\":{\"@id\":\"https:\\\/\\\/charavoileduboutdumonde.com\\\/nouveau-depliant-2022-%f0%9f%a4%a9\\\/#primaryimage\"},\"thumbnailUrl\":\"https:\\\/\\\/charavoileduboutdumonde.com\\\/wp-content\\\/uploads\\\/2022\\\/05\\\/IMG_6954-scaled.jpg\",\"datePublished\":\"2022-05-02T07:21:13+00:00\",\"dateModified\":\"2022-05-02T07:23:18+00:00\",\"breadcrumb\":{\"@id\":\"https:\\\/\\\/charavoileduboutdumonde.com\\\/nouveau-depliant-2022-%f0%9f%a4%a9\\\/#breadcrumb\"},\"inLanguage\":\"en-GB\",\"potentialAction\":[{\"@type\":\"ReadAction\",\"target\":[\"https:\\\/\\\/charavoileduboutdumonde.com\\\/nouveau-depliant-2022-%f0%9f%a4%a9\\\/\"]}]},{\"@type\":\"ImageObject\",\"inLanguage\":\"en-GB\",\"@id\":\"https:\\\/\\\/charavoileduboutdumonde.com\\\/nouveau-depliant-2022-%f0%9f%a4%a9\\\/#primaryimage\",\"url\":\"https:\\\/\\\/charavoileduboutdumonde.com\\\/wp-content\\\/uploads\\\/2022\\\/05\\\/IMG_6954-scaled.jpg\",\"contentUrl\":\"https:\\\/\\\/charavoileduboutdumonde.com\\\/wp-content\\\/uploads\\\/2022\\\/05\\\/IMG_6954-scaled.jpg\",\"width\":1920,\"height\":2560},{\"@type\":\"BreadcrumbList\",\"@id\":\"https:\\\/\\\/charavoileduboutdumonde.com\\\/nouveau-depliant-2022-%f0%9f%a4%a9\\\/#breadcrumb\",\"itemListElement\":[{\"@type\":\"ListItem\",\"position\":1,\"name\":\"Accueil\",\"item\":\"https:\\\/\\\/charavoileduboutdumonde.com\\\/\"},{\"@type\":\"ListItem\",\"position\":2,\"name\":\"Nouveau D\u00e9pliant 2022 \ud83e\udd29\"}]},{\"@type\":\"WebSite\",\"@id\":\"https:\\\/\\\/charavoileduboutdumonde.com\\\/#website\",\"url\":\"https:\\\/\\\/charavoileduboutdumonde.com\\\/\",\"name\":\"Char \u00e0 Voile du Bout du Monde\",\"description\":\"Char \u00e0 Voile du Bout du Monde - Char \u00e0 voile de loisir en Finist\u00e8re, Bretagne\",\"publisher\":{\"@id\":\"https:\\\/\\\/charavoileduboutdumonde.com\\\/#organization\"},\"potentialAction\":[{\"@type\":\"SearchAction\",\"target\":{\"@type\":\"EntryPoint\",\"urlTemplate\":\"https:\\\/\\\/charavoileduboutdumonde.com\\\/?s={search_term_string}\"},\"query-input\":{\"@type\":\"PropertyValueSpecification\",\"valueRequired\":true,\"valueName\":\"search_term_string\"}}],\"inLanguage\":\"en-GB\"},{\"@type\":\"Organization\",\"@id\":\"https:\\\/\\\/charavoileduboutdumonde.com\\\/#organization\",\"name\":\"Char \u00e0 Voile du Bout du Monde\",\"url\":\"https:\\\/\\\/charavoileduboutdumonde.com\\\/\",\"logo\":{\"@type\":\"ImageObject\",\"inLanguage\":\"en-GB\",\"@id\":\"https:\\\/\\\/charavoileduboutdumonde.com\\\/#\\\/schema\\\/logo\\\/image\\\/\",\"url\":\"https:\\\/\\\/charavoileduboutdumonde.com\\\/wp-content\\\/uploads\\\/2020\\\/05\\\/logoheader.png\",\"contentUrl\":\"https:\\\/\\\/charavoileduboutdumonde.com\\\/wp-content\\\/uploads\\\/2020\\\/05\\\/logoheader.png\",\"width\":249,\"height\":80,\"caption\":\"Char \u00e0 Voile du Bout du Monde\"},\"image\":{\"@id\":\"https:\\\/\\\/charavoileduboutdumonde.com\\\/#\\\/schema\\\/logo\\\/image\\\/\"},\"sameAs\":[\"https:\\\/\\\/www.facebook.com\\\/charavoileduboutdumonde\\\/\",\"https:\\\/\\\/www.instagram.com\\\/charavoileduboutdumonde\\\/\",\"https:\\\/\\\/www.youtube.com\\\/channel\\\/UC6oaDP9kS6oN_ZL61EhoDKw\\\/\"]},{\"@type\":\"Person\",\"@id\":\"https:\\\/\\\/charavoileduboutdumonde.com\\\/#\\\/schema\\\/person\\\/c5da156e5c5b12702aa2ca9946f7070b\",\"name\":\"charavoileduboutdumonde\",\"image\":{\"@type\":\"ImageObject\",\"inLanguage\":\"en-GB\",\"@id\":\"https:\\\/\\\/secure.gravatar.com\\\/avatar\\\/a807324b782435e178784a9109d80676e752c91433474922b3bde72033075754?s=96&d=mm&r=g\",\"url\":\"https:\\\/\\\/secure.gravatar.com\\\/avatar\\\/a807324b782435e178784a9109d80676e752c91433474922b3bde72033075754?s=96&d=mm&r=g\",\"contentUrl\":\"https:\\\/\\\/secure.gravatar.com\\\/avatar\\\/a807324b782435e178784a9109d80676e752c91433474922b3bde72033075754?s=96&d=mm&r=g\",\"caption\":\"charavoileduboutdumonde\"},\"url\":\"https:\\\/\\\/charavoileduboutdumonde.com\\\/en\\\/author\\\/charavoileduboutdumonde\\\/\"}]}<\/script>\n<!-- \/ Yoast SEO plugin. -->","yoast_head_json":{"title":"Nouveau D\u00e9pliant 2022 \ud83e\udd29 - Char \u00e0 Voile du Bout du Monde","robots":{"index":"index","follow":"follow","max-snippet":"max-snippet:-1","max-image-preview":"max-image-preview:large","max-video-preview":"max-video-preview:-1"},"canonical":"https:\/\/charavoileduboutdumonde.com\/en\/nouveau-depliant-2022-\ud83e\udd29\/","og_locale":"en_GB","og_type":"article","og_title":"Nouveau D\u00e9pliant 2022 \ud83e\udd29 - Char \u00e0 Voile du Bout du Monde","og_description":"&nbsp; D\u00e9pliant des activit\u00e9s 2022 Apr\u00e8s plusieurs semaines de travail et de r\u00e9flexion, je vous pr\u00e9sente les d\u00e9pliants des activit\u00e9s de char \u00e0 voile du bout du monde pour cette saison 2022 ! Vous y trouverez de nouvelles activit\u00e9s, et aussi une partie r\u00e9server aux groupes avec une large offre d&rsquo;activit\u00e9s de plein air ! [&hellip;]","og_url":"https:\/\/charavoileduboutdumonde.com\/en\/nouveau-depliant-2022-\ud83e\udd29\/","og_site_name":"Char \u00e0 Voile du Bout du Monde","article_publisher":"https:\/\/www.facebook.com\/charavoileduboutdumonde\/","article_published_time":"2022-05-02T07:21:13+00:00","article_modified_time":"2022-05-02T07:23:18+00:00","og_image":[{"width":1920,"height":2560,"url":"http:\/\/charavoileduboutdumonde.com\/wp-content\/uploads\/2022\/05\/IMG_6954-scaled.jpg","type":"image\/jpeg"}],"author":"charavoileduboutdumonde","twitter_card":"summary_large_image","twitter_misc":{"Written by":"charavoileduboutdumonde","Estimated reading time":"1 minute"},"schema":{"@context":"https:\/\/schema.org","@graph":[{"@type":"Article","@id":"https:\/\/charavoileduboutdumonde.com\/nouveau-depliant-2022-%f0%9f%a4%a9\/#article","isPartOf":{"@id":"https:\/\/charavoileduboutdumonde.com\/nouveau-depliant-2022-%f0%9f%a4%a9\/"},"author":{"name":"charavoileduboutdumonde","@id":"https:\/\/charavoileduboutdumonde.com\/#\/schema\/person\/c5da156e5c5b12702aa2ca9946f7070b"},"headline":"Nouveau D\u00e9pliant 2022 \ud83e\udd29","datePublished":"2022-05-02T07:21:13+00:00","dateModified":"2022-05-02T07:23:18+00:00","mainEntityOfPage":{"@id":"https:\/\/charavoileduboutdumonde.com\/nouveau-depliant-2022-%f0%9f%a4%a9\/"},"wordCount":124,"publisher":{"@id":"https:\/\/charavoileduboutdumonde.com\/#organization"},"image":{"@id":"https:\/\/charavoileduboutdumonde.com\/nouveau-depliant-2022-%f0%9f%a4%a9\/#primaryimage"},"thumbnailUrl":"https:\/\/charavoileduboutdumonde.com\/wp-content\/uploads\/2022\/05\/IMG_6954-scaled.jpg","articleSection":["Non class\u00e9"],"inLanguage":"en-GB"},{"@type":"WebPage","@id":"https:\/\/charavoileduboutdumonde.com\/nouveau-depliant-2022-%f0%9f%a4%a9\/","url":"https:\/\/charavoileduboutdumonde.com\/nouveau-depliant-2022-%f0%9f%a4%a9\/","name":"Nouveau D\u00e9pliant 2022 \ud83e\udd29 - Char \u00e0 Voile du Bout du Monde","isPartOf":{"@id":"https:\/\/charavoileduboutdumonde.com\/#website"},"primaryImageOfPage":{"@id":"https:\/\/charavoileduboutdumonde.com\/nouveau-depliant-2022-%f0%9f%a4%a9\/#primaryimage"},"image":{"@id":"https:\/\/charavoileduboutdumonde.com\/nouveau-depliant-2022-%f0%9f%a4%a9\/#primaryimage"},"thumbnailUrl":"https:\/\/charavoileduboutdumonde.com\/wp-content\/uploads\/2022\/05\/IMG_6954-scaled.jpg","datePublished":"2022-05-02T07:21:13+00:00","dateModified":"2022-05-02T07:23:18+00:00","breadcrumb":{"@id":"https:\/\/charavoileduboutdumonde.com\/nouveau-depliant-2022-%f0%9f%a4%a9\/#breadcrumb"},"inLanguage":"en-GB","potentialAction":[{"@type":"ReadAction","target":["https:\/\/charavoileduboutdumonde.com\/nouveau-depliant-2022-%f0%9f%a4%a9\/"]}]},{"@type":"ImageObject","inLanguage":"en-GB","@id":"https:\/\/charavoileduboutdumonde.com\/nouveau-depliant-2022-%f0%9f%a4%a9\/#primaryimage","url":"https:\/\/charavoileduboutdumonde.com\/wp-content\/uploads\/2022\/05\/IMG_6954-scaled.jpg","contentUrl":"https:\/\/charavoileduboutdumonde.com\/wp-content\/uploads\/2022\/05\/IMG_6954-scaled.jpg","width":1920,"height":2560},{"@type":"BreadcrumbList","@id":"https:\/\/charavoileduboutdumonde.com\/nouveau-depliant-2022-%f0%9f%a4%a9\/#breadcrumb","itemListElement":[{"@type":"ListItem","position":1,"name":"Accueil","item":"https:\/\/charavoileduboutdumonde.com\/"},{"@type":"ListItem","position":2,"name":"Nouveau D\u00e9pliant 2022 \ud83e\udd29"}]},{"@type":"WebSite","@id":"https:\/\/charavoileduboutdumonde.com\/#website","url":"https:\/\/charavoileduboutdumonde.com\/","name":"Char \u00e0 Voile du Bout du Monde","description":"Char \u00e0 Voile du Bout du Monde - Char \u00e0 voile de loisir en Finist\u00e8re, Bretagne","publisher":{"@id":"https:\/\/charavoileduboutdumonde.com\/#organization"},"potentialAction":[{"@type":"SearchAction","target":{"@type":"EntryPoint","urlTemplate":"https:\/\/charavoileduboutdumonde.com\/?s={search_term_string}"},"query-input":{"@type":"PropertyValueSpecification","valueRequired":true,"valueName":"search_term_string"}}],"inLanguage":"en-GB"},{"@type":"Organization","@id":"https:\/\/charavoileduboutdumonde.com\/#organization","name":"Char \u00e0 Voile du Bout du Monde","url":"https:\/\/charavoileduboutdumonde.com\/","logo":{"@type":"ImageObject","inLanguage":"en-GB","@id":"https:\/\/charavoileduboutdumonde.com\/#\/schema\/logo\/image\/","url":"https:\/\/charavoileduboutdumonde.com\/wp-content\/uploads\/2020\/05\/logoheader.png","contentUrl":"https:\/\/charavoileduboutdumonde.com\/wp-content\/uploads\/2020\/05\/logoheader.png","width":249,"height":80,"caption":"Char \u00e0 Voile du Bout du Monde"},"image":{"@id":"https:\/\/charavoileduboutdumonde.com\/#\/schema\/logo\/image\/"},"sameAs":["https:\/\/www.facebook.com\/charavoileduboutdumonde\/","https:\/\/www.instagram.com\/charavoileduboutdumonde\/","https:\/\/www.youtube.com\/channel\/UC6oaDP9kS6oN_ZL61EhoDKw\/"]},{"@type":"Person","@id":"https:\/\/charavoileduboutdumonde.com\/#\/schema\/person\/c5da156e5c5b12702aa2ca9946f7070b","name":"charavoileduboutdumonde","image":{"@type":"ImageObject","inLanguage":"en-GB","@id":"https:\/\/secure.gravatar.com\/avatar\/a807324b782435e178784a9109d80676e752c91433474922b3bde72033075754?s=96&d=mm&r=g","url":"https:\/\/secure.gravatar.com\/avatar\/a807324b782435e178784a9109d80676e752c91433474922b3bde72033075754?s=96&d=mm&r=g","contentUrl":"https:\/\/secure.gravatar.com\/avatar\/a807324b782435e178784a9109d80676e752c91433474922b3bde72033075754?s=96&d=mm&r=g","caption":"charavoileduboutdumonde"},"url":"https:\/\/charavoileduboutdumonde.com\/en\/author\/charavoileduboutdumonde\/"}]}},"_links":{"self":[{"href":"https:\/\/charavoileduboutdumonde.com\/en\/wp-json\/wp\/v2\/posts\/2038","targetHints":{"allow":["GET"]}}],"collection":[{"href":"https:\/\/charavoileduboutdumonde.com\/en\/wp-json\/wp\/v2\/posts"}],"about":[{"href":"https:\/\/charavoileduboutdumonde.com\/en\/wp-json\/wp\/v2\/types\/post"}],"author":[{"embeddable":true,"href":"https:\/\/charavoileduboutdumonde.com\/en\/wp-json\/wp\/v2\/users\/2"}],"replies":[{"embeddable":true,"href":"https:\/\/charavoileduboutdumonde.com\/en\/wp-json\/wp\/v2\/comments?post=2038"}],"version-history":[{"count":4,"href":"https:\/\/charavoileduboutdumonde.com\/en\/wp-json\/wp\/v2\/posts\/2038\/revisions"}],"predecessor-version":[{"id":2043,"href":"https:\/\/charavoileduboutdumonde.com\/en\/wp-json\/wp\/v2\/posts\/2038\/revisions\/2043"}],"wp:featuredmedia":[{"embeddable":true,"href":"https:\/\/charavoileduboutdumonde.com\/en\/wp-json\/wp\/v2\/media\/2039"}],"wp:attachment":[{"href":"https:\/\/charavoileduboutdumonde.com\/en\/wp-json\/wp\/v2\/media?parent=2038"}],"wp:term":[{"taxonomy":"category","embeddable":true,"href":"https:\/\/charavoileduboutdumonde.com\/en\/wp-json\/wp\/v2\/categories?post=2038"},{"taxonomy":"post_tag","embeddable":true,"href":"https:\/\/charavoileduboutdumonde.com\/en\/wp-json\/wp\/v2\/tags?post=2038"}],"curies":[{"name":"wp","href":"https:\/\/api.w.org\/{rel}","templated":true}]}}