{"id":2083,"date":"2022-08-21T10:04:39","date_gmt":"2022-08-21T08:04:39","guid":{"rendered":"https:\/\/charavoileduboutdumonde.com\/?p=2083"},"modified":"2022-08-21T10:04:39","modified_gmt":"2022-08-21T08:04:39","slug":"lete-continu","status":"publish","type":"post","link":"https:\/\/charavoileduboutdumonde.com\/en\/lete-continu\/","title":{"rendered":"L&rsquo;\u00e9t\u00e9 continu !"},"content":{"rendered":"<h2 style=\"text-align: center;\"><span style=\"font-family: sev;\">Une s\u00e9ance couch\u00e9 de soleil ?<\/span><\/h2>\n<p style=\"text-align: center;\"><span style=\"font-family: sev;\">Nous arrivons fin aout, et la rentr\u00e9e scolaire est d\u00e9j\u00e0 dans toutes les t\u00eates.<\/span><\/p>\n<p style=\"text-align: center;\"><span style=\"font-family: sev;\">L&rsquo;achat des fournitures, le stress de la reprise, les tracas du quotidien,&#8230;<\/span><\/p>\n<p style=\"text-align: center;\"><span style=\"font-family: sev;\">Venez profitez des derniers rayons de soleil du soir pour vous vider la t\u00eate \ud83d\ude0e<\/span><\/p>\n<p style=\"text-align: center;\"><a href=\"https:\/\/charavoileduboutdumonde.com\/en\/lete-continu\/image-jpeg-0d3d94084a56-1\/\" rel=\"attachment wp-att-2084\"><img loading=\"lazy\" decoding=\"async\" class=\"alignnone size-large wp-image-2084\" src=\"http:\/\/charavoileduboutdumonde.com\/wp-content\/uploads\/2022\/08\/Image-JPEG-0D3D94084A56-1-1024x768.jpeg\" alt=\"\" width=\"580\" height=\"435\" srcset=\"https:\/\/charavoileduboutdumonde.com\/wp-content\/uploads\/2022\/08\/Image-JPEG-0D3D94084A56-1-1024x768.jpeg 1024w, https:\/\/charavoileduboutdumonde.com\/wp-content\/uploads\/2022\/08\/Image-JPEG-0D3D94084A56-1-300x225.jpeg 300w, https:\/\/charavoileduboutdumonde.com\/wp-content\/uploads\/2022\/08\/Image-JPEG-0D3D94084A56-1-768x576.jpeg 768w, https:\/\/charavoileduboutdumonde.com\/wp-content\/uploads\/2022\/08\/Image-JPEG-0D3D94084A56-1-1536x1152.jpeg 1536w, https:\/\/charavoileduboutdumonde.com\/wp-content\/uploads\/2022\/08\/Image-JPEG-0D3D94084A56-1-2048x1536.jpeg 2048w, https:\/\/charavoileduboutdumonde.com\/wp-content\/uploads\/2022\/08\/Image-JPEG-0D3D94084A56-1-1200x900.jpeg 1200w, https:\/\/charavoileduboutdumonde.com\/wp-content\/uploads\/2022\/08\/Image-JPEG-0D3D94084A56-1-1980x1485.jpeg 1980w\" sizes=\"auto, (max-width: 580px) 100vw, 580px\" \/><\/a><\/p>\n<p style=\"text-align: center;\"><span style=\"font-family: sev;\">L&rsquo;\u00e9cole char \u00e0 voile du bout du monde reste ouverte, \u00e0 l&rsquo;ann\u00e9e, et cette rentr\u00e9e sera pleine de surprises ! \ud83d\ude09<\/span><\/p>\n<p style=\"text-align: center;\"><span style=\"font-family: sev;\">Restez connect\u00e9s&#8230;.<\/span><\/p>\n<p style=\"text-align: center;\">","protected":false},"excerpt":{"rendered":"<p>Une s\u00e9ance couch\u00e9 de soleil ? Nous arrivons fin aout, et la rentr\u00e9e scolaire est d\u00e9j\u00e0 dans toutes les t\u00eates. L&rsquo;achat des fournitures, le stress de la reprise, les tracas du quotidien,&#8230; Venez profitez des derniers rayons de soleil du soir pour vous vider la t\u00eate \ud83d\ude0e L&rsquo;\u00e9cole char \u00e0 voile du bout du monde [&hellip;]<\/p>","protected":false},"author":2,"featured_media":1730,"comment_status":"closed","ping_status":"open","sticky":false,"template":"","format":"standard","meta":{"inline_featured_image":false,"footnotes":""},"categories":[1],"tags":[],"class_list":["post-2083","post","type-post","status-publish","format-standard","has-post-thumbnail","hentry","category-non-classe"],"yoast_head":"<!-- This site is optimized with the Yoast SEO plugin v27.4 - https:\/\/yoast.com\/product\/yoast-seo-wordpress\/ -->\n<title>L&#039;\u00e9t\u00e9 continu ! - Char \u00e0 Voile du Bout du Monde<\/title>\n<meta name=\"robots\" content=\"index, follow, max-snippet:-1, max-image-preview:large, max-video-preview:-1\" \/>\n<link rel=\"canonical\" href=\"https:\/\/charavoileduboutdumonde.com\/en\/lete-continu\/\" \/>\n<meta property=\"og:locale\" content=\"en_GB\" \/>\n<meta property=\"og:type\" content=\"article\" \/>\n<meta property=\"og:title\" content=\"L&#039;\u00e9t\u00e9 continu ! - Char \u00e0 Voile du Bout du Monde\" \/>\n<meta property=\"og:description\" content=\"Une s\u00e9ance couch\u00e9 de soleil ? Nous arrivons fin aout, et la rentr\u00e9e scolaire est d\u00e9j\u00e0 dans toutes les t\u00eates. L&rsquo;achat des fournitures, le stress de la reprise, les tracas du quotidien,&#8230; Venez profitez des derniers rayons de soleil du soir pour vous vider la t\u00eate \ud83d\ude0e L&rsquo;\u00e9cole char \u00e0 voile du bout du monde [&hellip;]\" \/>\n<meta property=\"og:url\" content=\"https:\/\/charavoileduboutdumonde.com\/en\/lete-continu\/\" \/>\n<meta property=\"og:site_name\" content=\"Char \u00e0 Voile du Bout du Monde\" \/>\n<meta property=\"article:publisher\" content=\"https:\/\/www.facebook.com\/charavoileduboutdumonde\/\" \/>\n<meta property=\"article:published_time\" content=\"2022-08-21T08:04:39+00:00\" \/>\n<meta property=\"og:image\" content=\"http:\/\/charavoileduboutdumonde.com\/wp-content\/uploads\/2021\/11\/logo-web-noir.png\" \/>\n\t<meta property=\"og:image:width\" content=\"2257\" \/>\n\t<meta property=\"og:image:height\" content=\"709\" \/>\n\t<meta property=\"og:image:type\" content=\"image\/png\" \/>\n<meta name=\"author\" content=\"charavoileduboutdumonde\" \/>\n<meta name=\"twitter:card\" content=\"summary_large_image\" \/>\n<meta name=\"twitter:label1\" content=\"Written by\" \/>\n\t<meta name=\"twitter:data1\" content=\"charavoileduboutdumonde\" \/>\n\t<meta name=\"twitter:label2\" content=\"Estimated reading time\" \/>\n\t<meta name=\"twitter:data2\" content=\"1 minute\" \/>\n<script type=\"application\/ld+json\" class=\"yoast-schema-graph\">{\"@context\":\"https:\\\/\\\/schema.org\",\"@graph\":[{\"@type\":\"Article\",\"@id\":\"https:\\\/\\\/charavoileduboutdumonde.com\\\/lete-continu\\\/#article\",\"isPartOf\":{\"@id\":\"https:\\\/\\\/charavoileduboutdumonde.com\\\/lete-continu\\\/\"},\"author\":{\"name\":\"charavoileduboutdumonde\",\"@id\":\"https:\\\/\\\/charavoileduboutdumonde.com\\\/#\\\/schema\\\/person\\\/c5da156e5c5b12702aa2ca9946f7070b\"},\"headline\":\"L&rsquo;\u00e9t\u00e9 continu !\",\"datePublished\":\"2022-08-21T08:04:39+00:00\",\"mainEntityOfPage\":{\"@id\":\"https:\\\/\\\/charavoileduboutdumonde.com\\\/lete-continu\\\/\"},\"wordCount\":76,\"publisher\":{\"@id\":\"https:\\\/\\\/charavoileduboutdumonde.com\\\/#organization\"},\"image\":{\"@id\":\"https:\\\/\\\/charavoileduboutdumonde.com\\\/lete-continu\\\/#primaryimage\"},\"thumbnailUrl\":\"https:\\\/\\\/charavoileduboutdumonde.com\\\/wp-content\\\/uploads\\\/2021\\\/11\\\/logo-web-noir.png\",\"articleSection\":[\"Non class\u00e9\"],\"inLanguage\":\"en-GB\"},{\"@type\":\"WebPage\",\"@id\":\"https:\\\/\\\/charavoileduboutdumonde.com\\\/lete-continu\\\/\",\"url\":\"https:\\\/\\\/charavoileduboutdumonde.com\\\/lete-continu\\\/\",\"name\":\"L'\u00e9t\u00e9 continu ! - Char \u00e0 Voile du Bout du Monde\",\"isPartOf\":{\"@id\":\"https:\\\/\\\/charavoileduboutdumonde.com\\\/#website\"},\"primaryImageOfPage\":{\"@id\":\"https:\\\/\\\/charavoileduboutdumonde.com\\\/lete-continu\\\/#primaryimage\"},\"image\":{\"@id\":\"https:\\\/\\\/charavoileduboutdumonde.com\\\/lete-continu\\\/#primaryimage\"},\"thumbnailUrl\":\"https:\\\/\\\/charavoileduboutdumonde.com\\\/wp-content\\\/uploads\\\/2021\\\/11\\\/logo-web-noir.png\",\"datePublished\":\"2022-08-21T08:04:39+00:00\",\"breadcrumb\":{\"@id\":\"https:\\\/\\\/charavoileduboutdumonde.com\\\/lete-continu\\\/#breadcrumb\"},\"inLanguage\":\"en-GB\",\"potentialAction\":[{\"@type\":\"ReadAction\",\"target\":[\"https:\\\/\\\/charavoileduboutdumonde.com\\\/lete-continu\\\/\"]}]},{\"@type\":\"ImageObject\",\"inLanguage\":\"en-GB\",\"@id\":\"https:\\\/\\\/charavoileduboutdumonde.com\\\/lete-continu\\\/#primaryimage\",\"url\":\"https:\\\/\\\/charavoileduboutdumonde.com\\\/wp-content\\\/uploads\\\/2021\\\/11\\\/logo-web-noir.png\",\"contentUrl\":\"https:\\\/\\\/charavoileduboutdumonde.com\\\/wp-content\\\/uploads\\\/2021\\\/11\\\/logo-web-noir.png\",\"width\":2257,\"height\":709},{\"@type\":\"BreadcrumbList\",\"@id\":\"https:\\\/\\\/charavoileduboutdumonde.com\\\/lete-continu\\\/#breadcrumb\",\"itemListElement\":[{\"@type\":\"ListItem\",\"position\":1,\"name\":\"Accueil\",\"item\":\"https:\\\/\\\/charavoileduboutdumonde.com\\\/\"},{\"@type\":\"ListItem\",\"position\":2,\"name\":\"L&#8217;\u00e9t\u00e9 continu !\"}]},{\"@type\":\"WebSite\",\"@id\":\"https:\\\/\\\/charavoileduboutdumonde.com\\\/#website\",\"url\":\"https:\\\/\\\/charavoileduboutdumonde.com\\\/\",\"name\":\"Char \u00e0 Voile du Bout du Monde\",\"description\":\"Char \u00e0 Voile du Bout du Monde - Char \u00e0 voile de loisir en Finist\u00e8re, Bretagne\",\"publisher\":{\"@id\":\"https:\\\/\\\/charavoileduboutdumonde.com\\\/#organization\"},\"potentialAction\":[{\"@type\":\"SearchAction\",\"target\":{\"@type\":\"EntryPoint\",\"urlTemplate\":\"https:\\\/\\\/charavoileduboutdumonde.com\\\/?s={search_term_string}\"},\"query-input\":{\"@type\":\"PropertyValueSpecification\",\"valueRequired\":true,\"valueName\":\"search_term_string\"}}],\"inLanguage\":\"en-GB\"},{\"@type\":\"Organization\",\"@id\":\"https:\\\/\\\/charavoileduboutdumonde.com\\\/#organization\",\"name\":\"Char \u00e0 Voile du Bout du Monde\",\"url\":\"https:\\\/\\\/charavoileduboutdumonde.com\\\/\",\"logo\":{\"@type\":\"ImageObject\",\"inLanguage\":\"en-GB\",\"@id\":\"https:\\\/\\\/charavoileduboutdumonde.com\\\/#\\\/schema\\\/logo\\\/image\\\/\",\"url\":\"https:\\\/\\\/charavoileduboutdumonde.com\\\/wp-content\\\/uploads\\\/2020\\\/05\\\/logoheader.png\",\"contentUrl\":\"https:\\\/\\\/charavoileduboutdumonde.com\\\/wp-content\\\/uploads\\\/2020\\\/05\\\/logoheader.png\",\"width\":249,\"height\":80,\"caption\":\"Char \u00e0 Voile du Bout du Monde\"},\"image\":{\"@id\":\"https:\\\/\\\/charavoileduboutdumonde.com\\\/#\\\/schema\\\/logo\\\/image\\\/\"},\"sameAs\":[\"https:\\\/\\\/www.facebook.com\\\/charavoileduboutdumonde\\\/\",\"https:\\\/\\\/www.instagram.com\\\/charavoileduboutdumonde\\\/\",\"https:\\\/\\\/www.youtube.com\\\/channel\\\/UC6oaDP9kS6oN_ZL61EhoDKw\\\/\"]},{\"@type\":\"Person\",\"@id\":\"https:\\\/\\\/charavoileduboutdumonde.com\\\/#\\\/schema\\\/person\\\/c5da156e5c5b12702aa2ca9946f7070b\",\"name\":\"charavoileduboutdumonde\",\"image\":{\"@type\":\"ImageObject\",\"inLanguage\":\"en-GB\",\"@id\":\"https:\\\/\\\/secure.gravatar.com\\\/avatar\\\/a807324b782435e178784a9109d80676e752c91433474922b3bde72033075754?s=96&d=mm&r=g\",\"url\":\"https:\\\/\\\/secure.gravatar.com\\\/avatar\\\/a807324b782435e178784a9109d80676e752c91433474922b3bde72033075754?s=96&d=mm&r=g\",\"contentUrl\":\"https:\\\/\\\/secure.gravatar.com\\\/avatar\\\/a807324b782435e178784a9109d80676e752c91433474922b3bde72033075754?s=96&d=mm&r=g\",\"caption\":\"charavoileduboutdumonde\"},\"url\":\"https:\\\/\\\/charavoileduboutdumonde.com\\\/en\\\/author\\\/charavoileduboutdumonde\\\/\"}]}<\/script>\n<!-- \/ Yoast SEO plugin. -->","yoast_head_json":{"title":"L'\u00e9t\u00e9 continu ! - Char \u00e0 Voile du Bout du Monde","robots":{"index":"index","follow":"follow","max-snippet":"max-snippet:-1","max-image-preview":"max-image-preview:large","max-video-preview":"max-video-preview:-1"},"canonical":"https:\/\/charavoileduboutdumonde.com\/en\/lete-continu\/","og_locale":"en_GB","og_type":"article","og_title":"L'\u00e9t\u00e9 continu ! - Char \u00e0 Voile du Bout du Monde","og_description":"Une s\u00e9ance couch\u00e9 de soleil ? Nous arrivons fin aout, et la rentr\u00e9e scolaire est d\u00e9j\u00e0 dans toutes les t\u00eates. L&rsquo;achat des fournitures, le stress de la reprise, les tracas du quotidien,&#8230; Venez profitez des derniers rayons de soleil du soir pour vous vider la t\u00eate \ud83d\ude0e L&rsquo;\u00e9cole char \u00e0 voile du bout du monde [&hellip;]","og_url":"https:\/\/charavoileduboutdumonde.com\/en\/lete-continu\/","og_site_name":"Char \u00e0 Voile du Bout du Monde","article_publisher":"https:\/\/www.facebook.com\/charavoileduboutdumonde\/","article_published_time":"2022-08-21T08:04:39+00:00","og_image":[{"width":2257,"height":709,"url":"http:\/\/charavoileduboutdumonde.com\/wp-content\/uploads\/2021\/11\/logo-web-noir.png","type":"image\/png"}],"author":"charavoileduboutdumonde","twitter_card":"summary_large_image","twitter_misc":{"Written by":"charavoileduboutdumonde","Estimated reading time":"1 minute"},"schema":{"@context":"https:\/\/schema.org","@graph":[{"@type":"Article","@id":"https:\/\/charavoileduboutdumonde.com\/lete-continu\/#article","isPartOf":{"@id":"https:\/\/charavoileduboutdumonde.com\/lete-continu\/"},"author":{"name":"charavoileduboutdumonde","@id":"https:\/\/charavoileduboutdumonde.com\/#\/schema\/person\/c5da156e5c5b12702aa2ca9946f7070b"},"headline":"L&rsquo;\u00e9t\u00e9 continu !","datePublished":"2022-08-21T08:04:39+00:00","mainEntityOfPage":{"@id":"https:\/\/charavoileduboutdumonde.com\/lete-continu\/"},"wordCount":76,"publisher":{"@id":"https:\/\/charavoileduboutdumonde.com\/#organization"},"image":{"@id":"https:\/\/charavoileduboutdumonde.com\/lete-continu\/#primaryimage"},"thumbnailUrl":"https:\/\/charavoileduboutdumonde.com\/wp-content\/uploads\/2021\/11\/logo-web-noir.png","articleSection":["Non class\u00e9"],"inLanguage":"en-GB"},{"@type":"WebPage","@id":"https:\/\/charavoileduboutdumonde.com\/lete-continu\/","url":"https:\/\/charavoileduboutdumonde.com\/lete-continu\/","name":"L'\u00e9t\u00e9 continu ! - Char \u00e0 Voile du Bout du Monde","isPartOf":{"@id":"https:\/\/charavoileduboutdumonde.com\/#website"},"primaryImageOfPage":{"@id":"https:\/\/charavoileduboutdumonde.com\/lete-continu\/#primaryimage"},"image":{"@id":"https:\/\/charavoileduboutdumonde.com\/lete-continu\/#primaryimage"},"thumbnailUrl":"https:\/\/charavoileduboutdumonde.com\/wp-content\/uploads\/2021\/11\/logo-web-noir.png","datePublished":"2022-08-21T08:04:39+00:00","breadcrumb":{"@id":"https:\/\/charavoileduboutdumonde.com\/lete-continu\/#breadcrumb"},"inLanguage":"en-GB","potentialAction":[{"@type":"ReadAction","target":["https:\/\/charavoileduboutdumonde.com\/lete-continu\/"]}]},{"@type":"ImageObject","inLanguage":"en-GB","@id":"https:\/\/charavoileduboutdumonde.com\/lete-continu\/#primaryimage","url":"https:\/\/charavoileduboutdumonde.com\/wp-content\/uploads\/2021\/11\/logo-web-noir.png","contentUrl":"https:\/\/charavoileduboutdumonde.com\/wp-content\/uploads\/2021\/11\/logo-web-noir.png","width":2257,"height":709},{"@type":"BreadcrumbList","@id":"https:\/\/charavoileduboutdumonde.com\/lete-continu\/#breadcrumb","itemListElement":[{"@type":"ListItem","position":1,"name":"Accueil","item":"https:\/\/charavoileduboutdumonde.com\/"},{"@type":"ListItem","position":2,"name":"L&#8217;\u00e9t\u00e9 continu !"}]},{"@type":"WebSite","@id":"https:\/\/charavoileduboutdumonde.com\/#website","url":"https:\/\/charavoileduboutdumonde.com\/","name":"Char \u00e0 Voile du Bout du Monde","description":"Char \u00e0 Voile du Bout du Monde - Char \u00e0 voile de loisir en Finist\u00e8re, Bretagne","publisher":{"@id":"https:\/\/charavoileduboutdumonde.com\/#organization"},"potentialAction":[{"@type":"SearchAction","target":{"@type":"EntryPoint","urlTemplate":"https:\/\/charavoileduboutdumonde.com\/?s={search_term_string}"},"query-input":{"@type":"PropertyValueSpecification","valueRequired":true,"valueName":"search_term_string"}}],"inLanguage":"en-GB"},{"@type":"Organization","@id":"https:\/\/charavoileduboutdumonde.com\/#organization","name":"Char \u00e0 Voile du Bout du Monde","url":"https:\/\/charavoileduboutdumonde.com\/","logo":{"@type":"ImageObject","inLanguage":"en-GB","@id":"https:\/\/charavoileduboutdumonde.com\/#\/schema\/logo\/image\/","url":"https:\/\/charavoileduboutdumonde.com\/wp-content\/uploads\/2020\/05\/logoheader.png","contentUrl":"https:\/\/charavoileduboutdumonde.com\/wp-content\/uploads\/2020\/05\/logoheader.png","width":249,"height":80,"caption":"Char \u00e0 Voile du Bout du Monde"},"image":{"@id":"https:\/\/charavoileduboutdumonde.com\/#\/schema\/logo\/image\/"},"sameAs":["https:\/\/www.facebook.com\/charavoileduboutdumonde\/","https:\/\/www.instagram.com\/charavoileduboutdumonde\/","https:\/\/www.youtube.com\/channel\/UC6oaDP9kS6oN_ZL61EhoDKw\/"]},{"@type":"Person","@id":"https:\/\/charavoileduboutdumonde.com\/#\/schema\/person\/c5da156e5c5b12702aa2ca9946f7070b","name":"charavoileduboutdumonde","image":{"@type":"ImageObject","inLanguage":"en-GB","@id":"https:\/\/secure.gravatar.com\/avatar\/a807324b782435e178784a9109d80676e752c91433474922b3bde72033075754?s=96&d=mm&r=g","url":"https:\/\/secure.gravatar.com\/avatar\/a807324b782435e178784a9109d80676e752c91433474922b3bde72033075754?s=96&d=mm&r=g","contentUrl":"https:\/\/secure.gravatar.com\/avatar\/a807324b782435e178784a9109d80676e752c91433474922b3bde72033075754?s=96&d=mm&r=g","caption":"charavoileduboutdumonde"},"url":"https:\/\/charavoileduboutdumonde.com\/en\/author\/charavoileduboutdumonde\/"}]}},"_links":{"self":[{"href":"https:\/\/charavoileduboutdumonde.com\/en\/wp-json\/wp\/v2\/posts\/2083","targetHints":{"allow":["GET"]}}],"collection":[{"href":"https:\/\/charavoileduboutdumonde.com\/en\/wp-json\/wp\/v2\/posts"}],"about":[{"href":"https:\/\/charavoileduboutdumonde.com\/en\/wp-json\/wp\/v2\/types\/post"}],"author":[{"embeddable":true,"href":"https:\/\/charavoileduboutdumonde.com\/en\/wp-json\/wp\/v2\/users\/2"}],"replies":[{"embeddable":true,"href":"https:\/\/charavoileduboutdumonde.com\/en\/wp-json\/wp\/v2\/comments?post=2083"}],"version-history":[{"count":4,"href":"https:\/\/charavoileduboutdumonde.com\/en\/wp-json\/wp\/v2\/posts\/2083\/revisions"}],"predecessor-version":[{"id":2088,"href":"https:\/\/charavoileduboutdumonde.com\/en\/wp-json\/wp\/v2\/posts\/2083\/revisions\/2088"}],"wp:featuredmedia":[{"embeddable":true,"href":"https:\/\/charavoileduboutdumonde.com\/en\/wp-json\/wp\/v2\/media\/1730"}],"wp:attachment":[{"href":"https:\/\/charavoileduboutdumonde.com\/en\/wp-json\/wp\/v2\/media?parent=2083"}],"wp:term":[{"taxonomy":"category","embeddable":true,"href":"https:\/\/charavoileduboutdumonde.com\/en\/wp-json\/wp\/v2\/categories?post=2083"},{"taxonomy":"post_tag","embeddable":true,"href":"https:\/\/charavoileduboutdumonde.com\/en\/wp-json\/wp\/v2\/tags?post=2083"}],"curies":[{"name":"wp","href":"https:\/\/api.w.org\/{rel}","templated":true}]}}