{"id":2269,"date":"2023-03-30T14:43:46","date_gmt":"2023-03-30T12:43:46","guid":{"rendered":"https:\/\/charavoileduboutdumonde.com\/?p=2269"},"modified":"2023-04-28T12:19:28","modified_gmt":"2023-04-28T10:19:28","slug":"activites-paques-2023","status":"publish","type":"post","link":"https:\/\/charavoileduboutdumonde.com\/en\/activites-paques-2023\/","title":{"rendered":"Char \u00e0 voile P\u00e2ques 2023"},"content":{"rendered":"<h2 style=\"text-align: center;\"><span style=\"font-family: sev;\">Du sport \u00e0 P\u00e2ques !<\/span><\/h2>\n<p style=\"text-align: center;\"><span style=\"font-family: sev;\">Le week end de P\u00e2ques annonce le d\u00e9but de la saison, un retour du soleil et de conditions m\u00e9t\u00e9o printani\u00e8res.<\/span><\/p>\n<p style=\"text-align: center;\"><span style=\"font-family: sev;\">C&rsquo;est pourquoi, comme chaque ann\u00e9e, on vous propose de venir profiter de l&rsquo;estran en char \u00e0 voile, <strong>entre amis ou en famille<\/strong>, \u00e0 <strong>partir de 5 ans<\/strong> !<\/span><\/p>\n<p style=\"text-align: center;\"><span style=\"font-family: sev;\">N&rsquo;h\u00e9sitez pas \u00e0 r\u00e9server votre sortie char \u00e0 voile d\u00e8s \u00e0 pr\u00e9sent !<\/span><\/p>\n<p style=\"text-align: center;\"><strong><span style=\"font-family: sev;\">06.81.63.83.74\u00a0<\/span><\/strong><\/p>\n<p><a href=\"https:\/\/charavoileduboutdumonde.com\/en\/activites-paques-2023\/affiche-paques-2023\/\" rel=\"attachment wp-att-2275\"><img loading=\"lazy\" decoding=\"async\" class=\"alignnone size-large wp-image-2275\" src=\"http:\/\/charavoileduboutdumonde.com\/wp-content\/uploads\/2023\/03\/affiche-paques-2023-1024x568.jpg\" alt=\"\" width=\"580\" height=\"322\" srcset=\"https:\/\/charavoileduboutdumonde.com\/wp-content\/uploads\/2023\/03\/affiche-paques-2023-1024x568.jpg 1024w, https:\/\/charavoileduboutdumonde.com\/wp-content\/uploads\/2023\/03\/affiche-paques-2023-300x166.jpg 300w, https:\/\/charavoileduboutdumonde.com\/wp-content\/uploads\/2023\/03\/affiche-paques-2023-768x426.jpg 768w, https:\/\/charavoileduboutdumonde.com\/wp-content\/uploads\/2023\/03\/affiche-paques-2023-1536x852.jpg 1536w, https:\/\/charavoileduboutdumonde.com\/wp-content\/uploads\/2023\/03\/affiche-paques-2023-2048x1136.jpg 2048w, https:\/\/charavoileduboutdumonde.com\/wp-content\/uploads\/2023\/03\/affiche-paques-2023-1200x666.jpg 1200w, https:\/\/charavoileduboutdumonde.com\/wp-content\/uploads\/2023\/03\/affiche-paques-2023-1980x1098.jpg 1980w\" sizes=\"auto, (max-width: 580px) 100vw, 580px\" \/><\/a><\/p>\n<p style=\"text-align: center;\">\n<p style=\"text-align: center;\"><span style=\"font-family: sev; color: #ff0000;\">Les stages enfants multi-activit\u00e9s ne sont malheureusement plus disponibles &#8230;.<\/span><\/p>","protected":false},"excerpt":{"rendered":"<p>Du sport \u00e0 P\u00e2ques ! Le week end de P\u00e2ques annonce le d\u00e9but de la saison, un retour du soleil et de conditions m\u00e9t\u00e9o printani\u00e8res. C&rsquo;est pourquoi, comme chaque ann\u00e9e, on vous propose de venir profiter de l&rsquo;estran en char \u00e0 voile, entre amis ou en famille, \u00e0 partir de 5 ans ! N&rsquo;h\u00e9sitez pas [&hellip;]<\/p>","protected":false},"author":2,"featured_media":2275,"comment_status":"closed","ping_status":"open","sticky":false,"template":"","format":"standard","meta":{"inline_featured_image":false,"footnotes":""},"categories":[1],"tags":[],"class_list":["post-2269","post","type-post","status-publish","format-standard","has-post-thumbnail","hentry","category-non-classe"],"yoast_head":"<!-- This site is optimized with the Yoast SEO plugin v27.4 - https:\/\/yoast.com\/product\/yoast-seo-wordpress\/ -->\n<title>Char \u00e0 voile P\u00e2ques 2023 - Char \u00e0 Voile du Bout du Monde<\/title>\n<meta name=\"description\" content=\"En week end ou en vacances, venez d\u00e9couvrir le char \u00e0 voile avec char \u00e0 voile du bout du monde ! bol d&#039;air garantie ;-)\" \/>\n<meta name=\"robots\" content=\"index, follow, max-snippet:-1, max-image-preview:large, max-video-preview:-1\" \/>\n<link rel=\"canonical\" href=\"https:\/\/charavoileduboutdumonde.com\/en\/activites-paques-2023\/\" \/>\n<meta property=\"og:locale\" content=\"en_GB\" \/>\n<meta property=\"og:type\" content=\"article\" \/>\n<meta property=\"og:title\" content=\"Char \u00e0 voile P\u00e2ques 2023 - Char \u00e0 Voile du Bout du Monde\" \/>\n<meta property=\"og:description\" content=\"En week end ou en vacances, venez d\u00e9couvrir le char \u00e0 voile avec char \u00e0 voile du bout du monde ! bol d&#039;air garantie ;-)\" \/>\n<meta property=\"og:url\" content=\"https:\/\/charavoileduboutdumonde.com\/en\/activites-paques-2023\/\" \/>\n<meta property=\"og:site_name\" content=\"Char \u00e0 Voile du Bout du Monde\" \/>\n<meta property=\"article:publisher\" content=\"https:\/\/www.facebook.com\/charavoileduboutdumonde\/\" \/>\n<meta property=\"article:published_time\" content=\"2023-03-30T12:43:46+00:00\" \/>\n<meta property=\"article:modified_time\" content=\"2023-04-28T10:19:28+00:00\" \/>\n<meta property=\"og:image\" content=\"http:\/\/charavoileduboutdumonde.com\/wp-content\/uploads\/2023\/03\/affiche-paques-2023.jpg\" \/>\n\t<meta property=\"og:image:width\" content=\"2362\" \/>\n\t<meta property=\"og:image:height\" content=\"1310\" \/>\n\t<meta property=\"og:image:type\" content=\"image\/jpeg\" \/>\n<meta name=\"author\" content=\"charavoileduboutdumonde\" \/>\n<meta name=\"twitter:card\" content=\"summary_large_image\" \/>\n<meta name=\"twitter:label1\" content=\"Written by\" \/>\n\t<meta name=\"twitter:data1\" content=\"charavoileduboutdumonde\" \/>\n\t<meta name=\"twitter:label2\" content=\"Estimated reading time\" \/>\n\t<meta name=\"twitter:data2\" content=\"1 minute\" \/>\n<script type=\"application\/ld+json\" class=\"yoast-schema-graph\">{\"@context\":\"https:\\\/\\\/schema.org\",\"@graph\":[{\"@type\":\"Article\",\"@id\":\"https:\\\/\\\/charavoileduboutdumonde.com\\\/activites-paques-2023\\\/#article\",\"isPartOf\":{\"@id\":\"https:\\\/\\\/charavoileduboutdumonde.com\\\/activites-paques-2023\\\/\"},\"author\":{\"name\":\"charavoileduboutdumonde\",\"@id\":\"https:\\\/\\\/charavoileduboutdumonde.com\\\/#\\\/schema\\\/person\\\/c5da156e5c5b12702aa2ca9946f7070b\"},\"headline\":\"Char \u00e0 voile P\u00e2ques 2023\",\"datePublished\":\"2023-03-30T12:43:46+00:00\",\"dateModified\":\"2023-04-28T10:19:28+00:00\",\"mainEntityOfPage\":{\"@id\":\"https:\\\/\\\/charavoileduboutdumonde.com\\\/activites-paques-2023\\\/\"},\"wordCount\":81,\"publisher\":{\"@id\":\"https:\\\/\\\/charavoileduboutdumonde.com\\\/#organization\"},\"image\":{\"@id\":\"https:\\\/\\\/charavoileduboutdumonde.com\\\/activites-paques-2023\\\/#primaryimage\"},\"thumbnailUrl\":\"https:\\\/\\\/charavoileduboutdumonde.com\\\/wp-content\\\/uploads\\\/2023\\\/03\\\/affiche-paques-2023.jpg\",\"articleSection\":[\"Non class\u00e9\"],\"inLanguage\":\"en-GB\"},{\"@type\":\"WebPage\",\"@id\":\"https:\\\/\\\/charavoileduboutdumonde.com\\\/activites-paques-2023\\\/\",\"url\":\"https:\\\/\\\/charavoileduboutdumonde.com\\\/activites-paques-2023\\\/\",\"name\":\"Char \u00e0 voile P\u00e2ques 2023 - Char \u00e0 Voile du Bout du Monde\",\"isPartOf\":{\"@id\":\"https:\\\/\\\/charavoileduboutdumonde.com\\\/#website\"},\"primaryImageOfPage\":{\"@id\":\"https:\\\/\\\/charavoileduboutdumonde.com\\\/activites-paques-2023\\\/#primaryimage\"},\"image\":{\"@id\":\"https:\\\/\\\/charavoileduboutdumonde.com\\\/activites-paques-2023\\\/#primaryimage\"},\"thumbnailUrl\":\"https:\\\/\\\/charavoileduboutdumonde.com\\\/wp-content\\\/uploads\\\/2023\\\/03\\\/affiche-paques-2023.jpg\",\"datePublished\":\"2023-03-30T12:43:46+00:00\",\"dateModified\":\"2023-04-28T10:19:28+00:00\",\"description\":\"En week end ou en vacances, venez d\u00e9couvrir le char \u00e0 voile avec char \u00e0 voile du bout du monde ! bol d'air garantie ;-)\",\"breadcrumb\":{\"@id\":\"https:\\\/\\\/charavoileduboutdumonde.com\\\/activites-paques-2023\\\/#breadcrumb\"},\"inLanguage\":\"en-GB\",\"potentialAction\":[{\"@type\":\"ReadAction\",\"target\":[\"https:\\\/\\\/charavoileduboutdumonde.com\\\/activites-paques-2023\\\/\"]}]},{\"@type\":\"ImageObject\",\"inLanguage\":\"en-GB\",\"@id\":\"https:\\\/\\\/charavoileduboutdumonde.com\\\/activites-paques-2023\\\/#primaryimage\",\"url\":\"https:\\\/\\\/charavoileduboutdumonde.com\\\/wp-content\\\/uploads\\\/2023\\\/03\\\/affiche-paques-2023.jpg\",\"contentUrl\":\"https:\\\/\\\/charavoileduboutdumonde.com\\\/wp-content\\\/uploads\\\/2023\\\/03\\\/affiche-paques-2023.jpg\",\"width\":2362,\"height\":1310},{\"@type\":\"BreadcrumbList\",\"@id\":\"https:\\\/\\\/charavoileduboutdumonde.com\\\/activites-paques-2023\\\/#breadcrumb\",\"itemListElement\":[{\"@type\":\"ListItem\",\"position\":1,\"name\":\"Accueil\",\"item\":\"https:\\\/\\\/charavoileduboutdumonde.com\\\/\"},{\"@type\":\"ListItem\",\"position\":2,\"name\":\"Char \u00e0 voile P\u00e2ques 2023\"}]},{\"@type\":\"WebSite\",\"@id\":\"https:\\\/\\\/charavoileduboutdumonde.com\\\/#website\",\"url\":\"https:\\\/\\\/charavoileduboutdumonde.com\\\/\",\"name\":\"Char \u00e0 Voile du Bout du Monde\",\"description\":\"Char \u00e0 Voile du Bout du Monde - Char \u00e0 voile de loisir en Finist\u00e8re, Bretagne\",\"publisher\":{\"@id\":\"https:\\\/\\\/charavoileduboutdumonde.com\\\/#organization\"},\"potentialAction\":[{\"@type\":\"SearchAction\",\"target\":{\"@type\":\"EntryPoint\",\"urlTemplate\":\"https:\\\/\\\/charavoileduboutdumonde.com\\\/?s={search_term_string}\"},\"query-input\":{\"@type\":\"PropertyValueSpecification\",\"valueRequired\":true,\"valueName\":\"search_term_string\"}}],\"inLanguage\":\"en-GB\"},{\"@type\":\"Organization\",\"@id\":\"https:\\\/\\\/charavoileduboutdumonde.com\\\/#organization\",\"name\":\"Char \u00e0 Voile du Bout du Monde\",\"url\":\"https:\\\/\\\/charavoileduboutdumonde.com\\\/\",\"logo\":{\"@type\":\"ImageObject\",\"inLanguage\":\"en-GB\",\"@id\":\"https:\\\/\\\/charavoileduboutdumonde.com\\\/#\\\/schema\\\/logo\\\/image\\\/\",\"url\":\"https:\\\/\\\/charavoileduboutdumonde.com\\\/wp-content\\\/uploads\\\/2020\\\/05\\\/logoheader.png\",\"contentUrl\":\"https:\\\/\\\/charavoileduboutdumonde.com\\\/wp-content\\\/uploads\\\/2020\\\/05\\\/logoheader.png\",\"width\":249,\"height\":80,\"caption\":\"Char \u00e0 Voile du Bout du Monde\"},\"image\":{\"@id\":\"https:\\\/\\\/charavoileduboutdumonde.com\\\/#\\\/schema\\\/logo\\\/image\\\/\"},\"sameAs\":[\"https:\\\/\\\/www.facebook.com\\\/charavoileduboutdumonde\\\/\",\"https:\\\/\\\/www.instagram.com\\\/charavoileduboutdumonde\\\/\",\"https:\\\/\\\/www.youtube.com\\\/channel\\\/UC6oaDP9kS6oN_ZL61EhoDKw\\\/\"]},{\"@type\":\"Person\",\"@id\":\"https:\\\/\\\/charavoileduboutdumonde.com\\\/#\\\/schema\\\/person\\\/c5da156e5c5b12702aa2ca9946f7070b\",\"name\":\"charavoileduboutdumonde\",\"image\":{\"@type\":\"ImageObject\",\"inLanguage\":\"en-GB\",\"@id\":\"https:\\\/\\\/secure.gravatar.com\\\/avatar\\\/a807324b782435e178784a9109d80676e752c91433474922b3bde72033075754?s=96&d=mm&r=g\",\"url\":\"https:\\\/\\\/secure.gravatar.com\\\/avatar\\\/a807324b782435e178784a9109d80676e752c91433474922b3bde72033075754?s=96&d=mm&r=g\",\"contentUrl\":\"https:\\\/\\\/secure.gravatar.com\\\/avatar\\\/a807324b782435e178784a9109d80676e752c91433474922b3bde72033075754?s=96&d=mm&r=g\",\"caption\":\"charavoileduboutdumonde\"},\"url\":\"https:\\\/\\\/charavoileduboutdumonde.com\\\/en\\\/author\\\/charavoileduboutdumonde\\\/\"}]}<\/script>\n<!-- \/ Yoast SEO plugin. -->","yoast_head_json":{"title":"Char \u00e0 voile P\u00e2ques 2023 - Char \u00e0 Voile du Bout du Monde","description":"En week end ou en vacances, venez d\u00e9couvrir le char \u00e0 voile avec char \u00e0 voile du bout du monde ! bol d'air garantie ;-)","robots":{"index":"index","follow":"follow","max-snippet":"max-snippet:-1","max-image-preview":"max-image-preview:large","max-video-preview":"max-video-preview:-1"},"canonical":"https:\/\/charavoileduboutdumonde.com\/en\/activites-paques-2023\/","og_locale":"en_GB","og_type":"article","og_title":"Char \u00e0 voile P\u00e2ques 2023 - Char \u00e0 Voile du Bout du Monde","og_description":"En week end ou en vacances, venez d\u00e9couvrir le char \u00e0 voile avec char \u00e0 voile du bout du monde ! bol d'air garantie ;-)","og_url":"https:\/\/charavoileduboutdumonde.com\/en\/activites-paques-2023\/","og_site_name":"Char \u00e0 Voile du Bout du Monde","article_publisher":"https:\/\/www.facebook.com\/charavoileduboutdumonde\/","article_published_time":"2023-03-30T12:43:46+00:00","article_modified_time":"2023-04-28T10:19:28+00:00","og_image":[{"width":2362,"height":1310,"url":"http:\/\/charavoileduboutdumonde.com\/wp-content\/uploads\/2023\/03\/affiche-paques-2023.jpg","type":"image\/jpeg"}],"author":"charavoileduboutdumonde","twitter_card":"summary_large_image","twitter_misc":{"Written by":"charavoileduboutdumonde","Estimated reading time":"1 minute"},"schema":{"@context":"https:\/\/schema.org","@graph":[{"@type":"Article","@id":"https:\/\/charavoileduboutdumonde.com\/activites-paques-2023\/#article","isPartOf":{"@id":"https:\/\/charavoileduboutdumonde.com\/activites-paques-2023\/"},"author":{"name":"charavoileduboutdumonde","@id":"https:\/\/charavoileduboutdumonde.com\/#\/schema\/person\/c5da156e5c5b12702aa2ca9946f7070b"},"headline":"Char \u00e0 voile P\u00e2ques 2023","datePublished":"2023-03-30T12:43:46+00:00","dateModified":"2023-04-28T10:19:28+00:00","mainEntityOfPage":{"@id":"https:\/\/charavoileduboutdumonde.com\/activites-paques-2023\/"},"wordCount":81,"publisher":{"@id":"https:\/\/charavoileduboutdumonde.com\/#organization"},"image":{"@id":"https:\/\/charavoileduboutdumonde.com\/activites-paques-2023\/#primaryimage"},"thumbnailUrl":"https:\/\/charavoileduboutdumonde.com\/wp-content\/uploads\/2023\/03\/affiche-paques-2023.jpg","articleSection":["Non class\u00e9"],"inLanguage":"en-GB"},{"@type":"WebPage","@id":"https:\/\/charavoileduboutdumonde.com\/activites-paques-2023\/","url":"https:\/\/charavoileduboutdumonde.com\/activites-paques-2023\/","name":"Char \u00e0 voile P\u00e2ques 2023 - Char \u00e0 Voile du Bout du Monde","isPartOf":{"@id":"https:\/\/charavoileduboutdumonde.com\/#website"},"primaryImageOfPage":{"@id":"https:\/\/charavoileduboutdumonde.com\/activites-paques-2023\/#primaryimage"},"image":{"@id":"https:\/\/charavoileduboutdumonde.com\/activites-paques-2023\/#primaryimage"},"thumbnailUrl":"https:\/\/charavoileduboutdumonde.com\/wp-content\/uploads\/2023\/03\/affiche-paques-2023.jpg","datePublished":"2023-03-30T12:43:46+00:00","dateModified":"2023-04-28T10:19:28+00:00","description":"En week end ou en vacances, venez d\u00e9couvrir le char \u00e0 voile avec char \u00e0 voile du bout du monde ! bol d'air garantie ;-)","breadcrumb":{"@id":"https:\/\/charavoileduboutdumonde.com\/activites-paques-2023\/#breadcrumb"},"inLanguage":"en-GB","potentialAction":[{"@type":"ReadAction","target":["https:\/\/charavoileduboutdumonde.com\/activites-paques-2023\/"]}]},{"@type":"ImageObject","inLanguage":"en-GB","@id":"https:\/\/charavoileduboutdumonde.com\/activites-paques-2023\/#primaryimage","url":"https:\/\/charavoileduboutdumonde.com\/wp-content\/uploads\/2023\/03\/affiche-paques-2023.jpg","contentUrl":"https:\/\/charavoileduboutdumonde.com\/wp-content\/uploads\/2023\/03\/affiche-paques-2023.jpg","width":2362,"height":1310},{"@type":"BreadcrumbList","@id":"https:\/\/charavoileduboutdumonde.com\/activites-paques-2023\/#breadcrumb","itemListElement":[{"@type":"ListItem","position":1,"name":"Accueil","item":"https:\/\/charavoileduboutdumonde.com\/"},{"@type":"ListItem","position":2,"name":"Char \u00e0 voile P\u00e2ques 2023"}]},{"@type":"WebSite","@id":"https:\/\/charavoileduboutdumonde.com\/#website","url":"https:\/\/charavoileduboutdumonde.com\/","name":"Char \u00e0 Voile du Bout du Monde","description":"Char \u00e0 Voile du Bout du Monde - Char \u00e0 voile de loisir en Finist\u00e8re, Bretagne","publisher":{"@id":"https:\/\/charavoileduboutdumonde.com\/#organization"},"potentialAction":[{"@type":"SearchAction","target":{"@type":"EntryPoint","urlTemplate":"https:\/\/charavoileduboutdumonde.com\/?s={search_term_string}"},"query-input":{"@type":"PropertyValueSpecification","valueRequired":true,"valueName":"search_term_string"}}],"inLanguage":"en-GB"},{"@type":"Organization","@id":"https:\/\/charavoileduboutdumonde.com\/#organization","name":"Char \u00e0 Voile du Bout du Monde","url":"https:\/\/charavoileduboutdumonde.com\/","logo":{"@type":"ImageObject","inLanguage":"en-GB","@id":"https:\/\/charavoileduboutdumonde.com\/#\/schema\/logo\/image\/","url":"https:\/\/charavoileduboutdumonde.com\/wp-content\/uploads\/2020\/05\/logoheader.png","contentUrl":"https:\/\/charavoileduboutdumonde.com\/wp-content\/uploads\/2020\/05\/logoheader.png","width":249,"height":80,"caption":"Char \u00e0 Voile du Bout du Monde"},"image":{"@id":"https:\/\/charavoileduboutdumonde.com\/#\/schema\/logo\/image\/"},"sameAs":["https:\/\/www.facebook.com\/charavoileduboutdumonde\/","https:\/\/www.instagram.com\/charavoileduboutdumonde\/","https:\/\/www.youtube.com\/channel\/UC6oaDP9kS6oN_ZL61EhoDKw\/"]},{"@type":"Person","@id":"https:\/\/charavoileduboutdumonde.com\/#\/schema\/person\/c5da156e5c5b12702aa2ca9946f7070b","name":"charavoileduboutdumonde","image":{"@type":"ImageObject","inLanguage":"en-GB","@id":"https:\/\/secure.gravatar.com\/avatar\/a807324b782435e178784a9109d80676e752c91433474922b3bde72033075754?s=96&d=mm&r=g","url":"https:\/\/secure.gravatar.com\/avatar\/a807324b782435e178784a9109d80676e752c91433474922b3bde72033075754?s=96&d=mm&r=g","contentUrl":"https:\/\/secure.gravatar.com\/avatar\/a807324b782435e178784a9109d80676e752c91433474922b3bde72033075754?s=96&d=mm&r=g","caption":"charavoileduboutdumonde"},"url":"https:\/\/charavoileduboutdumonde.com\/en\/author\/charavoileduboutdumonde\/"}]}},"_links":{"self":[{"href":"https:\/\/charavoileduboutdumonde.com\/en\/wp-json\/wp\/v2\/posts\/2269","targetHints":{"allow":["GET"]}}],"collection":[{"href":"https:\/\/charavoileduboutdumonde.com\/en\/wp-json\/wp\/v2\/posts"}],"about":[{"href":"https:\/\/charavoileduboutdumonde.com\/en\/wp-json\/wp\/v2\/types\/post"}],"author":[{"embeddable":true,"href":"https:\/\/charavoileduboutdumonde.com\/en\/wp-json\/wp\/v2\/users\/2"}],"replies":[{"embeddable":true,"href":"https:\/\/charavoileduboutdumonde.com\/en\/wp-json\/wp\/v2\/comments?post=2269"}],"version-history":[{"count":14,"href":"https:\/\/charavoileduboutdumonde.com\/en\/wp-json\/wp\/v2\/posts\/2269\/revisions"}],"predecessor-version":[{"id":2288,"href":"https:\/\/charavoileduboutdumonde.com\/en\/wp-json\/wp\/v2\/posts\/2269\/revisions\/2288"}],"wp:featuredmedia":[{"embeddable":true,"href":"https:\/\/charavoileduboutdumonde.com\/en\/wp-json\/wp\/v2\/media\/2275"}],"wp:attachment":[{"href":"https:\/\/charavoileduboutdumonde.com\/en\/wp-json\/wp\/v2\/media?parent=2269"}],"wp:term":[{"taxonomy":"category","embeddable":true,"href":"https:\/\/charavoileduboutdumonde.com\/en\/wp-json\/wp\/v2\/categories?post=2269"},{"taxonomy":"post_tag","embeddable":true,"href":"https:\/\/charavoileduboutdumonde.com\/en\/wp-json\/wp\/v2\/tags?post=2269"}],"curies":[{"name":"wp","href":"https:\/\/api.w.org\/{rel}","templated":true}]}}