{"id":2303,"date":"2025-10-06T10:00:03","date_gmt":"2025-10-06T08:00:03","guid":{"rendered":"https:\/\/charavoileduboutdumonde.com\/?p=2303"},"modified":"2025-10-06T10:56:51","modified_gmt":"2025-10-06T08:56:51","slug":"vacances-dautomne-2023","status":"publish","type":"post","link":"https:\/\/charavoileduboutdumonde.com\/en\/vacances-dautomne-2023\/","title":{"rendered":"Vivez l&rsquo;aventure char \u00e0 voile pendant les vacances d&rsquo;automne !"},"content":{"rendered":"<h2 style=\"text-align: center;\"><span style=\"font-family: sev;\">Et Pourquoi pas du char \u00e0 voile ?<\/span><\/h2>\n<p style=\"text-align: center;\" data-start=\"636\" data-end=\"959\">Cet automne, venez profiter d\u2019une parenth\u00e8se pleine de d\u00e9couvertes et de bonne humeur avec <strong data-start=\"727\" data-end=\"739\">\"Char \u00e0 voile du bout du monde\"<\/strong>\u00a0!<br data-start=\"741\" data-end=\"744\" \/>Au c\u0153ur de la nature, dans une ambiance conviviale et dynamique, nous proposons plusieurs formules de l&rsquo;initiation au perfectionnement.<\/p>\n<p style=\"text-align: center;\" data-start=\"961\" data-end=\"1228\">Que vous soyez seul, en famille ou entre amis, le <strong>beachsailing<\/strong> est l\u2019occasion id\u00e9ale de d\u00e9connecter, de respirer et de partager des moments inoubliables.<br data-start=\"1111\" data-end=\"1114\" \/>Les vacances d\u2019automne n\u2019attendent que vous \u2014 rejoignez-nous pour une exp\u00e9rience riche en \u00e9motions et en rires !<\/p>\n<p style=\"text-align: center;\" data-start=\"1230\" data-end=\"1355\">\ud83d\udcc5 <strong data-start=\"1233\" data-end=\"1244\">Dates :<\/strong> du samedi 18 octobre au dimanche 2 novembre<br data-start=\"1257\" data-end=\"1260\" \/>\ud83d\udccd <strong data-start=\"1263\" data-end=\"1273\">Lieu :<\/strong> at Lestrevet beach in Plomodiern<br data-start=\"1286\" data-end=\"1289\" \/>\u2139\ufe0f <strong data-start=\"1292\" data-end=\"1355\">Inscriptions ouvertes d\u00e8s maintenant en <a href=\"https:\/\/charavoileduboutdumonde.com\/en\/reservations-en-ligne\/\">cliquant ici<\/a><\/strong><\/p>\n<p style=\"text-align: center;\"><a href=\"https:\/\/charavoileduboutdumonde.com\/en\/vacances-dautomne-2023\/photo_tangi\/\" rel=\"attachment wp-att-2305\"><img loading=\"lazy\" decoding=\"async\" class=\"alignnone size-large wp-image-2305 aligncenter\" src=\"http:\/\/charavoileduboutdumonde.com\/wp-content\/uploads\/2023\/09\/photo_tangi-768x1024.jpg\" alt=\"\" width=\"580\" height=\"773\" srcset=\"https:\/\/charavoileduboutdumonde.com\/wp-content\/uploads\/2023\/09\/photo_tangi-768x1024.jpg 768w, https:\/\/charavoileduboutdumonde.com\/wp-content\/uploads\/2023\/09\/photo_tangi-225x300.jpg 225w, https:\/\/charavoileduboutdumonde.com\/wp-content\/uploads\/2023\/09\/photo_tangi-1152x1536.jpg 1152w, https:\/\/charavoileduboutdumonde.com\/wp-content\/uploads\/2023\/09\/photo_tangi.jpg 1200w\" sizes=\"auto, (max-width: 580px) 100vw, 580px\" \/><\/a><\/p>\n<p style=\"text-align: center;\"><span style=\"font-family: sev;\">Les temp\u00e9ratures baissent en cette p\u00e9riode, c&rsquo;est pourquoi munissez-vous d&rsquo;une <strong>bonne veste, de gants et chaussures ferm\u00e9es.<\/strong><\/span><\/p>\n<p style=\"text-align: center;\"><span style=\"font-family: sev; font-size: 18pt;\">Nous sommes impatients de vous rencontrez ! \ud83e\udd17<\/span><\/p>\n<p style=\"text-align: center;\"><a href=\"https:\/\/charavoileduboutdumonde.com\/en\/vacances-dautomne-2023\/biplaces\/\" rel=\"attachment wp-att-2306\"><img loading=\"lazy\" decoding=\"async\" class=\"alignnone size-large wp-image-2306\" src=\"http:\/\/charavoileduboutdumonde.com\/wp-content\/uploads\/2023\/09\/biplaces-576x1024.jpg\" alt=\"\" width=\"576\" height=\"1024\" srcset=\"https:\/\/charavoileduboutdumonde.com\/wp-content\/uploads\/2023\/09\/biplaces-576x1024.jpg 576w, https:\/\/charavoileduboutdumonde.com\/wp-content\/uploads\/2023\/09\/biplaces-169x300.jpg 169w, https:\/\/charavoileduboutdumonde.com\/wp-content\/uploads\/2023\/09\/biplaces-768x1365.jpg 768w, https:\/\/charavoileduboutdumonde.com\/wp-content\/uploads\/2023\/09\/biplaces-864x1536.jpg 864w, https:\/\/charavoileduboutdumonde.com\/wp-content\/uploads\/2023\/09\/biplaces-1152x2048.jpg 1152w, https:\/\/charavoileduboutdumonde.com\/wp-content\/uploads\/2023\/09\/biplaces-1200x2133.jpg 1200w, https:\/\/charavoileduboutdumonde.com\/wp-content\/uploads\/2023\/09\/biplaces-1980x3520.jpg 1980w, https:\/\/charavoileduboutdumonde.com\/wp-content\/uploads\/2023\/09\/biplaces-scaled.jpg 1440w\" sizes=\"auto, (max-width: 576px) 100vw, 576px\" \/><\/a><\/p>\n<p style=\"text-align: center;\">","protected":false},"excerpt":{"rendered":"<p>Et Pourquoi pas du char \u00e0 voile ? Cet automne, venez profiter d\u2019une parenth\u00e8se pleine de d\u00e9couvertes et de bonne humeur avec Char \u00e0 voile du bout du monde\u00a0!Au c\u0153ur de la nature, dans une ambiance conviviale et dynamique, nous proposons plusieurs formules de l&rsquo;initiation au perfectionnement. Que vous soyez seul, en famille ou entre [&hellip;]<\/p>","protected":false},"author":2,"featured_media":1788,"comment_status":"closed","ping_status":"open","sticky":false,"template":"","format":"standard","meta":{"inline_featured_image":false,"footnotes":""},"categories":[1],"tags":[],"class_list":["post-2303","post","type-post","status-publish","format-standard","has-post-thumbnail","hentry","category-non-classe"],"yoast_head":"<!-- This site is optimized with the Yoast SEO plugin v27.4 - https:\/\/yoast.com\/product\/yoast-seo-wordpress\/ -->\n<title>Vivez l&#039;aventure char \u00e0 voile pendant les vacances d&#039;automne ! - Char \u00e0 Voile du Bout du Monde<\/title>\n<meta name=\"description\" content=\"Venez d\u00e9couvrir le char \u00e0 voile pendant vos vacances en Finist\u00e8re ! Activit\u00e9 ludique et fun au bout du monde \ud83d\udc4d\" \/>\n<meta name=\"robots\" content=\"index, follow, max-snippet:-1, max-image-preview:large, max-video-preview:-1\" \/>\n<link rel=\"canonical\" href=\"https:\/\/charavoileduboutdumonde.com\/en\/vacances-dautomne-2023\/\" \/>\n<meta property=\"og:locale\" content=\"en_GB\" \/>\n<meta property=\"og:type\" content=\"article\" \/>\n<meta property=\"og:title\" content=\"Vivez l&#039;aventure char \u00e0 voile pendant les vacances d&#039;automne ! - Char \u00e0 Voile du Bout du Monde\" \/>\n<meta property=\"og:description\" content=\"Venez d\u00e9couvrir le char \u00e0 voile pendant vos vacances en Finist\u00e8re ! Activit\u00e9 ludique et fun au bout du monde \ud83d\udc4d\" \/>\n<meta property=\"og:url\" content=\"https:\/\/charavoileduboutdumonde.com\/en\/vacances-dautomne-2023\/\" \/>\n<meta property=\"og:site_name\" content=\"Char \u00e0 Voile du Bout du Monde\" \/>\n<meta property=\"article:publisher\" content=\"https:\/\/www.facebook.com\/charavoileduboutdumonde\/\" \/>\n<meta property=\"article:published_time\" content=\"2025-10-06T08:00:03+00:00\" \/>\n<meta property=\"article:modified_time\" content=\"2025-10-06T08:56:51+00:00\" \/>\n<meta property=\"og:image\" content=\"http:\/\/charavoileduboutdumonde.com\/wp-content\/uploads\/2021\/11\/9U7A0157_2000.jpg\" \/>\n\t<meta property=\"og:image:width\" content=\"2000\" \/>\n\t<meta property=\"og:image:height\" content=\"1333\" \/>\n\t<meta property=\"og:image:type\" content=\"image\/jpeg\" \/>\n<meta name=\"author\" content=\"charavoileduboutdumonde\" \/>\n<meta name=\"twitter:card\" content=\"summary_large_image\" \/>\n<meta name=\"twitter:label1\" content=\"Written by\" \/>\n\t<meta name=\"twitter:data1\" content=\"charavoileduboutdumonde\" \/>\n\t<meta name=\"twitter:label2\" content=\"Estimated reading time\" \/>\n\t<meta name=\"twitter:data2\" content=\"2 minutes\" \/>\n<script type=\"application\/ld+json\" class=\"yoast-schema-graph\">{\"@context\":\"https:\\\/\\\/schema.org\",\"@graph\":[{\"@type\":\"Article\",\"@id\":\"https:\\\/\\\/charavoileduboutdumonde.com\\\/vacances-dautomne-2023\\\/#article\",\"isPartOf\":{\"@id\":\"https:\\\/\\\/charavoileduboutdumonde.com\\\/vacances-dautomne-2023\\\/\"},\"author\":{\"name\":\"charavoileduboutdumonde\",\"@id\":\"https:\\\/\\\/charavoileduboutdumonde.com\\\/#\\\/schema\\\/person\\\/c5da156e5c5b12702aa2ca9946f7070b\"},\"headline\":\"Vivez l&rsquo;aventure char \u00e0 voile pendant les vacances d&rsquo;automne !\",\"datePublished\":\"2025-10-06T08:00:03+00:00\",\"dateModified\":\"2025-10-06T08:56:51+00:00\",\"mainEntityOfPage\":{\"@id\":\"https:\\\/\\\/charavoileduboutdumonde.com\\\/vacances-dautomne-2023\\\/\"},\"wordCount\":150,\"publisher\":{\"@id\":\"https:\\\/\\\/charavoileduboutdumonde.com\\\/#organization\"},\"image\":{\"@id\":\"https:\\\/\\\/charavoileduboutdumonde.com\\\/vacances-dautomne-2023\\\/#primaryimage\"},\"thumbnailUrl\":\"https:\\\/\\\/charavoileduboutdumonde.com\\\/wp-content\\\/uploads\\\/2021\\\/11\\\/9U7A0157_2000.jpg\",\"articleSection\":[\"Non class\u00e9\"],\"inLanguage\":\"en-GB\"},{\"@type\":\"WebPage\",\"@id\":\"https:\\\/\\\/charavoileduboutdumonde.com\\\/vacances-dautomne-2023\\\/\",\"url\":\"https:\\\/\\\/charavoileduboutdumonde.com\\\/vacances-dautomne-2023\\\/\",\"name\":\"Vivez l'aventure char \u00e0 voile pendant les vacances d'automne ! - Char \u00e0 Voile du Bout du Monde\",\"isPartOf\":{\"@id\":\"https:\\\/\\\/charavoileduboutdumonde.com\\\/#website\"},\"primaryImageOfPage\":{\"@id\":\"https:\\\/\\\/charavoileduboutdumonde.com\\\/vacances-dautomne-2023\\\/#primaryimage\"},\"image\":{\"@id\":\"https:\\\/\\\/charavoileduboutdumonde.com\\\/vacances-dautomne-2023\\\/#primaryimage\"},\"thumbnailUrl\":\"https:\\\/\\\/charavoileduboutdumonde.com\\\/wp-content\\\/uploads\\\/2021\\\/11\\\/9U7A0157_2000.jpg\",\"datePublished\":\"2025-10-06T08:00:03+00:00\",\"dateModified\":\"2025-10-06T08:56:51+00:00\",\"description\":\"Venez d\u00e9couvrir le char \u00e0 voile pendant vos vacances en Finist\u00e8re ! Activit\u00e9 ludique et fun au bout du monde \ud83d\udc4d\",\"breadcrumb\":{\"@id\":\"https:\\\/\\\/charavoileduboutdumonde.com\\\/vacances-dautomne-2023\\\/#breadcrumb\"},\"inLanguage\":\"en-GB\",\"potentialAction\":[{\"@type\":\"ReadAction\",\"target\":[\"https:\\\/\\\/charavoileduboutdumonde.com\\\/vacances-dautomne-2023\\\/\"]}]},{\"@type\":\"ImageObject\",\"inLanguage\":\"en-GB\",\"@id\":\"https:\\\/\\\/charavoileduboutdumonde.com\\\/vacances-dautomne-2023\\\/#primaryimage\",\"url\":\"https:\\\/\\\/charavoileduboutdumonde.com\\\/wp-content\\\/uploads\\\/2021\\\/11\\\/9U7A0157_2000.jpg\",\"contentUrl\":\"https:\\\/\\\/charavoileduboutdumonde.com\\\/wp-content\\\/uploads\\\/2021\\\/11\\\/9U7A0157_2000.jpg\",\"width\":2000,\"height\":1333},{\"@type\":\"BreadcrumbList\",\"@id\":\"https:\\\/\\\/charavoileduboutdumonde.com\\\/vacances-dautomne-2023\\\/#breadcrumb\",\"itemListElement\":[{\"@type\":\"ListItem\",\"position\":1,\"name\":\"Accueil\",\"item\":\"https:\\\/\\\/charavoileduboutdumonde.com\\\/\"},{\"@type\":\"ListItem\",\"position\":2,\"name\":\"Vivez l&rsquo;aventure char \u00e0 voile pendant les vacances d&rsquo;automne !\"}]},{\"@type\":\"WebSite\",\"@id\":\"https:\\\/\\\/charavoileduboutdumonde.com\\\/#website\",\"url\":\"https:\\\/\\\/charavoileduboutdumonde.com\\\/\",\"name\":\"Char \u00e0 Voile du Bout du Monde\",\"description\":\"Char \u00e0 Voile du Bout du Monde - Char \u00e0 voile de loisir en Finist\u00e8re, Bretagne\",\"publisher\":{\"@id\":\"https:\\\/\\\/charavoileduboutdumonde.com\\\/#organization\"},\"potentialAction\":[{\"@type\":\"SearchAction\",\"target\":{\"@type\":\"EntryPoint\",\"urlTemplate\":\"https:\\\/\\\/charavoileduboutdumonde.com\\\/?s={search_term_string}\"},\"query-input\":{\"@type\":\"PropertyValueSpecification\",\"valueRequired\":true,\"valueName\":\"search_term_string\"}}],\"inLanguage\":\"en-GB\"},{\"@type\":\"Organization\",\"@id\":\"https:\\\/\\\/charavoileduboutdumonde.com\\\/#organization\",\"name\":\"Char \u00e0 Voile du Bout du Monde\",\"url\":\"https:\\\/\\\/charavoileduboutdumonde.com\\\/\",\"logo\":{\"@type\":\"ImageObject\",\"inLanguage\":\"en-GB\",\"@id\":\"https:\\\/\\\/charavoileduboutdumonde.com\\\/#\\\/schema\\\/logo\\\/image\\\/\",\"url\":\"https:\\\/\\\/charavoileduboutdumonde.com\\\/wp-content\\\/uploads\\\/2020\\\/05\\\/logoheader.png\",\"contentUrl\":\"https:\\\/\\\/charavoileduboutdumonde.com\\\/wp-content\\\/uploads\\\/2020\\\/05\\\/logoheader.png\",\"width\":249,\"height\":80,\"caption\":\"Char \u00e0 Voile du Bout du Monde\"},\"image\":{\"@id\":\"https:\\\/\\\/charavoileduboutdumonde.com\\\/#\\\/schema\\\/logo\\\/image\\\/\"},\"sameAs\":[\"https:\\\/\\\/www.facebook.com\\\/charavoileduboutdumonde\\\/\",\"https:\\\/\\\/www.instagram.com\\\/charavoileduboutdumonde\\\/\",\"https:\\\/\\\/www.youtube.com\\\/channel\\\/UC6oaDP9kS6oN_ZL61EhoDKw\\\/\"]},{\"@type\":\"Person\",\"@id\":\"https:\\\/\\\/charavoileduboutdumonde.com\\\/#\\\/schema\\\/person\\\/c5da156e5c5b12702aa2ca9946f7070b\",\"name\":\"charavoileduboutdumonde\",\"image\":{\"@type\":\"ImageObject\",\"inLanguage\":\"en-GB\",\"@id\":\"https:\\\/\\\/secure.gravatar.com\\\/avatar\\\/a807324b782435e178784a9109d80676e752c91433474922b3bde72033075754?s=96&d=mm&r=g\",\"url\":\"https:\\\/\\\/secure.gravatar.com\\\/avatar\\\/a807324b782435e178784a9109d80676e752c91433474922b3bde72033075754?s=96&d=mm&r=g\",\"contentUrl\":\"https:\\\/\\\/secure.gravatar.com\\\/avatar\\\/a807324b782435e178784a9109d80676e752c91433474922b3bde72033075754?s=96&d=mm&r=g\",\"caption\":\"charavoileduboutdumonde\"},\"url\":\"https:\\\/\\\/charavoileduboutdumonde.com\\\/en\\\/author\\\/charavoileduboutdumonde\\\/\"}]}<\/script>\n<!-- \/ Yoast SEO plugin. -->","yoast_head_json":{"title":"Vivez l'aventure char \u00e0 voile pendant les vacances d'automne ! - Char \u00e0 Voile du Bout du Monde","description":"Venez d\u00e9couvrir le char \u00e0 voile pendant vos vacances en Finist\u00e8re ! Activit\u00e9 ludique et fun au bout du monde \ud83d\udc4d","robots":{"index":"index","follow":"follow","max-snippet":"max-snippet:-1","max-image-preview":"max-image-preview:large","max-video-preview":"max-video-preview:-1"},"canonical":"https:\/\/charavoileduboutdumonde.com\/en\/vacances-dautomne-2023\/","og_locale":"en_GB","og_type":"article","og_title":"Vivez l'aventure char \u00e0 voile pendant les vacances d'automne ! - Char \u00e0 Voile du Bout du Monde","og_description":"Venez d\u00e9couvrir le char \u00e0 voile pendant vos vacances en Finist\u00e8re ! Activit\u00e9 ludique et fun au bout du monde \ud83d\udc4d","og_url":"https:\/\/charavoileduboutdumonde.com\/en\/vacances-dautomne-2023\/","og_site_name":"Char \u00e0 Voile du Bout du Monde","article_publisher":"https:\/\/www.facebook.com\/charavoileduboutdumonde\/","article_published_time":"2025-10-06T08:00:03+00:00","article_modified_time":"2025-10-06T08:56:51+00:00","og_image":[{"width":2000,"height":1333,"url":"http:\/\/charavoileduboutdumonde.com\/wp-content\/uploads\/2021\/11\/9U7A0157_2000.jpg","type":"image\/jpeg"}],"author":"charavoileduboutdumonde","twitter_card":"summary_large_image","twitter_misc":{"Written by":"charavoileduboutdumonde","Estimated reading time":"2 minutes"},"schema":{"@context":"https:\/\/schema.org","@graph":[{"@type":"Article","@id":"https:\/\/charavoileduboutdumonde.com\/vacances-dautomne-2023\/#article","isPartOf":{"@id":"https:\/\/charavoileduboutdumonde.com\/vacances-dautomne-2023\/"},"author":{"name":"charavoileduboutdumonde","@id":"https:\/\/charavoileduboutdumonde.com\/#\/schema\/person\/c5da156e5c5b12702aa2ca9946f7070b"},"headline":"Vivez l&rsquo;aventure char \u00e0 voile pendant les vacances d&rsquo;automne !","datePublished":"2025-10-06T08:00:03+00:00","dateModified":"2025-10-06T08:56:51+00:00","mainEntityOfPage":{"@id":"https:\/\/charavoileduboutdumonde.com\/vacances-dautomne-2023\/"},"wordCount":150,"publisher":{"@id":"https:\/\/charavoileduboutdumonde.com\/#organization"},"image":{"@id":"https:\/\/charavoileduboutdumonde.com\/vacances-dautomne-2023\/#primaryimage"},"thumbnailUrl":"https:\/\/charavoileduboutdumonde.com\/wp-content\/uploads\/2021\/11\/9U7A0157_2000.jpg","articleSection":["Non class\u00e9"],"inLanguage":"en-GB"},{"@type":"WebPage","@id":"https:\/\/charavoileduboutdumonde.com\/vacances-dautomne-2023\/","url":"https:\/\/charavoileduboutdumonde.com\/vacances-dautomne-2023\/","name":"Vivez l'aventure char \u00e0 voile pendant les vacances d'automne ! - Char \u00e0 Voile du Bout du Monde","isPartOf":{"@id":"https:\/\/charavoileduboutdumonde.com\/#website"},"primaryImageOfPage":{"@id":"https:\/\/charavoileduboutdumonde.com\/vacances-dautomne-2023\/#primaryimage"},"image":{"@id":"https:\/\/charavoileduboutdumonde.com\/vacances-dautomne-2023\/#primaryimage"},"thumbnailUrl":"https:\/\/charavoileduboutdumonde.com\/wp-content\/uploads\/2021\/11\/9U7A0157_2000.jpg","datePublished":"2025-10-06T08:00:03+00:00","dateModified":"2025-10-06T08:56:51+00:00","description":"Venez d\u00e9couvrir le char \u00e0 voile pendant vos vacances en Finist\u00e8re ! Activit\u00e9 ludique et fun au bout du monde \ud83d\udc4d","breadcrumb":{"@id":"https:\/\/charavoileduboutdumonde.com\/vacances-dautomne-2023\/#breadcrumb"},"inLanguage":"en-GB","potentialAction":[{"@type":"ReadAction","target":["https:\/\/charavoileduboutdumonde.com\/vacances-dautomne-2023\/"]}]},{"@type":"ImageObject","inLanguage":"en-GB","@id":"https:\/\/charavoileduboutdumonde.com\/vacances-dautomne-2023\/#primaryimage","url":"https:\/\/charavoileduboutdumonde.com\/wp-content\/uploads\/2021\/11\/9U7A0157_2000.jpg","contentUrl":"https:\/\/charavoileduboutdumonde.com\/wp-content\/uploads\/2021\/11\/9U7A0157_2000.jpg","width":2000,"height":1333},{"@type":"BreadcrumbList","@id":"https:\/\/charavoileduboutdumonde.com\/vacances-dautomne-2023\/#breadcrumb","itemListElement":[{"@type":"ListItem","position":1,"name":"Accueil","item":"https:\/\/charavoileduboutdumonde.com\/"},{"@type":"ListItem","position":2,"name":"Vivez l&rsquo;aventure char \u00e0 voile pendant les vacances d&rsquo;automne !"}]},{"@type":"WebSite","@id":"https:\/\/charavoileduboutdumonde.com\/#website","url":"https:\/\/charavoileduboutdumonde.com\/","name":"Char \u00e0 Voile du Bout du Monde","description":"Char \u00e0 Voile du Bout du Monde - Char \u00e0 voile de loisir en Finist\u00e8re, Bretagne","publisher":{"@id":"https:\/\/charavoileduboutdumonde.com\/#organization"},"potentialAction":[{"@type":"SearchAction","target":{"@type":"EntryPoint","urlTemplate":"https:\/\/charavoileduboutdumonde.com\/?s={search_term_string}"},"query-input":{"@type":"PropertyValueSpecification","valueRequired":true,"valueName":"search_term_string"}}],"inLanguage":"en-GB"},{"@type":"Organization","@id":"https:\/\/charavoileduboutdumonde.com\/#organization","name":"Char \u00e0 Voile du Bout du Monde","url":"https:\/\/charavoileduboutdumonde.com\/","logo":{"@type":"ImageObject","inLanguage":"en-GB","@id":"https:\/\/charavoileduboutdumonde.com\/#\/schema\/logo\/image\/","url":"https:\/\/charavoileduboutdumonde.com\/wp-content\/uploads\/2020\/05\/logoheader.png","contentUrl":"https:\/\/charavoileduboutdumonde.com\/wp-content\/uploads\/2020\/05\/logoheader.png","width":249,"height":80,"caption":"Char \u00e0 Voile du Bout du Monde"},"image":{"@id":"https:\/\/charavoileduboutdumonde.com\/#\/schema\/logo\/image\/"},"sameAs":["https:\/\/www.facebook.com\/charavoileduboutdumonde\/","https:\/\/www.instagram.com\/charavoileduboutdumonde\/","https:\/\/www.youtube.com\/channel\/UC6oaDP9kS6oN_ZL61EhoDKw\/"]},{"@type":"Person","@id":"https:\/\/charavoileduboutdumonde.com\/#\/schema\/person\/c5da156e5c5b12702aa2ca9946f7070b","name":"charavoileduboutdumonde","image":{"@type":"ImageObject","inLanguage":"en-GB","@id":"https:\/\/secure.gravatar.com\/avatar\/a807324b782435e178784a9109d80676e752c91433474922b3bde72033075754?s=96&d=mm&r=g","url":"https:\/\/secure.gravatar.com\/avatar\/a807324b782435e178784a9109d80676e752c91433474922b3bde72033075754?s=96&d=mm&r=g","contentUrl":"https:\/\/secure.gravatar.com\/avatar\/a807324b782435e178784a9109d80676e752c91433474922b3bde72033075754?s=96&d=mm&r=g","caption":"charavoileduboutdumonde"},"url":"https:\/\/charavoileduboutdumonde.com\/en\/author\/charavoileduboutdumonde\/"}]}},"_links":{"self":[{"href":"https:\/\/charavoileduboutdumonde.com\/en\/wp-json\/wp\/v2\/posts\/2303","targetHints":{"allow":["GET"]}}],"collection":[{"href":"https:\/\/charavoileduboutdumonde.com\/en\/wp-json\/wp\/v2\/posts"}],"about":[{"href":"https:\/\/charavoileduboutdumonde.com\/en\/wp-json\/wp\/v2\/types\/post"}],"author":[{"embeddable":true,"href":"https:\/\/charavoileduboutdumonde.com\/en\/wp-json\/wp\/v2\/users\/2"}],"replies":[{"embeddable":true,"href":"https:\/\/charavoileduboutdumonde.com\/en\/wp-json\/wp\/v2\/comments?post=2303"}],"version-history":[{"count":8,"href":"https:\/\/charavoileduboutdumonde.com\/en\/wp-json\/wp\/v2\/posts\/2303\/revisions"}],"predecessor-version":[{"id":2819,"href":"https:\/\/charavoileduboutdumonde.com\/en\/wp-json\/wp\/v2\/posts\/2303\/revisions\/2819"}],"wp:featuredmedia":[{"embeddable":true,"href":"https:\/\/charavoileduboutdumonde.com\/en\/wp-json\/wp\/v2\/media\/1788"}],"wp:attachment":[{"href":"https:\/\/charavoileduboutdumonde.com\/en\/wp-json\/wp\/v2\/media?parent=2303"}],"wp:term":[{"taxonomy":"category","embeddable":true,"href":"https:\/\/charavoileduboutdumonde.com\/en\/wp-json\/wp\/v2\/categories?post=2303"},{"taxonomy":"post_tag","embeddable":true,"href":"https:\/\/charavoileduboutdumonde.com\/en\/wp-json\/wp\/v2\/tags?post=2303"}],"curies":[{"name":"wp","href":"https:\/\/api.w.org\/{rel}","templated":true}]}}