{"id":2391,"date":"2025-06-28T07:52:56","date_gmt":"2025-06-28T05:52:56","guid":{"rendered":"https:\/\/charavoileduboutdumonde.com\/?p=2391"},"modified":"2025-06-28T08:07:02","modified_gmt":"2025-06-28T06:07:02","slug":"comment-nous-trouver-lete","status":"publish","type":"post","link":"https:\/\/charavoileduboutdumonde.com\/en\/comment-nous-trouver-lete\/","title":{"rendered":"COMMENT NOUS TROUVER  L&rsquo;ETE ?"},"content":{"rendered":"<h2 style=\"text-align: center;\"><span style=\"font-family: verdana, geneva, sans-serif;\">Comment nous trouver l&rsquo;\u00e9t\u00e9 ?<\/span><\/h2>\n<p style=\"text-align: center;\"><span style=\"font-family: verdana, geneva, sans-serif;\">A partir du 1er juillet, et jusqu&rsquo;au 31 aout, l&rsquo;\u00e9cole de char \u00e0 voile dispense les cours au milieu de la <a href=\"https:\/\/maps.app.goo.gl\/HYz1dhtecqZo4R6r7\"><strong>plage de Lestrevet\/Pentrez<\/strong><\/a>, comme sur les photos ci dessous :<\/span><\/p>\n<p style=\"text-align: center;\"><a href=\"https:\/\/charavoileduboutdumonde.com\/en\/comment-nous-trouver-lete\/affiche-mobile-home-point-de-rendez-vous-ete\/\" rel=\"attachment wp-att-2392\"><img loading=\"lazy\" decoding=\"async\" class=\"size-large wp-image-2392 aligncenter\" src=\"http:\/\/charavoileduboutdumonde.com\/wp-content\/uploads\/2024\/01\/Affiche-mobile-home-point-de-rendez-vous-e\u0301te\u0301-1024x474.jpg\" alt=\"\" width=\"580\" height=\"268\" srcset=\"https:\/\/charavoileduboutdumonde.com\/wp-content\/uploads\/2024\/01\/Affiche-mobile-home-point-de-rendez-vous-e\u0301te\u0301-1024x474.jpg 1024w, https:\/\/charavoileduboutdumonde.com\/wp-content\/uploads\/2024\/01\/Affiche-mobile-home-point-de-rendez-vous-e\u0301te\u0301-300x139.jpg 300w, https:\/\/charavoileduboutdumonde.com\/wp-content\/uploads\/2024\/01\/Affiche-mobile-home-point-de-rendez-vous-e\u0301te\u0301-768x356.jpg 768w, https:\/\/charavoileduboutdumonde.com\/wp-content\/uploads\/2024\/01\/Affiche-mobile-home-point-de-rendez-vous-e\u0301te\u0301-1536x711.jpg 1536w, https:\/\/charavoileduboutdumonde.com\/wp-content\/uploads\/2024\/01\/Affiche-mobile-home-point-de-rendez-vous-e\u0301te\u0301-1200x556.jpg 1200w, https:\/\/charavoileduboutdumonde.com\/wp-content\/uploads\/2024\/01\/Affiche-mobile-home-point-de-rendez-vous-e\u0301te\u0301.jpg 1888w\" sizes=\"auto, (max-width: 580px) 100vw, 580px\" \/><\/a><\/p>\n<p style=\"text-align: center;\"><span style=\"font-family: verdana, geneva, sans-serif;\">En milieu de plage, il y&rsquo;a un drapeau dans la dune pour vous indiquer la zone.<\/span><\/p>\n<p><a href=\"https:\/\/charavoileduboutdumonde.com\/en\/comment-nous-trouver-lete\/drapeau-dunes\/\" rel=\"attachment wp-att-2478\"><img loading=\"lazy\" decoding=\"async\" class=\"size-large wp-image-2478 aligncenter\" src=\"http:\/\/charavoileduboutdumonde.com\/wp-content\/uploads\/2024\/06\/drapeau-dunes-743x1024.jpg\" alt=\"\" width=\"580\" height=\"799\" srcset=\"https:\/\/charavoileduboutdumonde.com\/wp-content\/uploads\/2024\/06\/drapeau-dunes-743x1024.jpg 743w, https:\/\/charavoileduboutdumonde.com\/wp-content\/uploads\/2024\/06\/drapeau-dunes-218x300.jpg 218w, https:\/\/charavoileduboutdumonde.com\/wp-content\/uploads\/2024\/06\/drapeau-dunes-768x1059.jpg 768w, https:\/\/charavoileduboutdumonde.com\/wp-content\/uploads\/2024\/06\/drapeau-dunes-1114x1536.jpg 1114w, https:\/\/charavoileduboutdumonde.com\/wp-content\/uploads\/2024\/06\/drapeau-dunes-1200x1654.jpg 1200w, https:\/\/charavoileduboutdumonde.com\/wp-content\/uploads\/2024\/06\/drapeau-dunes.jpg 1335w\" sizes=\"auto, (max-width: 580px) 100vw, 580px\" \/><\/a><\/p>\n<p style=\"text-align: center;\"><span style=\"font-family: verdana, geneva, sans-serif;\">Nous b\u00e9n\u00e9ficions d&rsquo;une zone de 300 m\u00e8tres de long en direction du sud pour faire \u00e9voluer les chars \u00e0 voiles :<\/span><\/p>\n<p style=\"text-align: center;\"><a href=\"https:\/\/charavoileduboutdumonde.com\/en\/comment-nous-trouver-lete\/zone-devolution-ete\/\" rel=\"attachment wp-att-2393\"><img loading=\"lazy\" decoding=\"async\" class=\"alignnone size-large wp-image-2393\" src=\"http:\/\/charavoileduboutdumonde.com\/wp-content\/uploads\/2024\/01\/Zone-de\u0301volution-e\u0301te\u0301-1024x474.jpg\" alt=\"\" width=\"580\" height=\"268\" srcset=\"https:\/\/charavoileduboutdumonde.com\/wp-content\/uploads\/2024\/01\/Zone-de\u0301volution-e\u0301te\u0301-1024x474.jpg 1024w, https:\/\/charavoileduboutdumonde.com\/wp-content\/uploads\/2024\/01\/Zone-de\u0301volution-e\u0301te\u0301-300x139.jpg 300w, https:\/\/charavoileduboutdumonde.com\/wp-content\/uploads\/2024\/01\/Zone-de\u0301volution-e\u0301te\u0301-768x356.jpg 768w, https:\/\/charavoileduboutdumonde.com\/wp-content\/uploads\/2024\/01\/Zone-de\u0301volution-e\u0301te\u0301-1536x711.jpg 1536w, https:\/\/charavoileduboutdumonde.com\/wp-content\/uploads\/2024\/01\/Zone-de\u0301volution-e\u0301te\u0301-1200x556.jpg 1200w, https:\/\/charavoileduboutdumonde.com\/wp-content\/uploads\/2024\/01\/Zone-de\u0301volution-e\u0301te\u0301.jpg 1888w\" sizes=\"auto, (max-width: 580px) 100vw, 580px\" \/><\/a><\/p>\n<p style=\"text-align: center;\"><span style=\"font-family: verdana, geneva, sans-serif; color: #3366ff;\"><strong><span style=\"color: #000000;\">Attention, il y&rsquo;a deux structures. Chez nous, les chars \u00e0 voile sont<\/span> blue,<\/strong><\/span><\/p>\n<h2 style=\"text-align: center;\"><span style=\"font-family: verdana, geneva, sans-serif;\">Stationnement<\/span><\/h2>\n<p style=\"text-align: center;\"><span style=\"font-family: verdana, geneva, sans-serif;\">Pour vous garer, vous avez plusieurs solutions.<\/span><\/p>\n<ul style=\"text-align: center;\">\n<li><span style=\"font-family: verdana, geneva, sans-serif;\">Soit le long de la dune, ce qui vous donne directement acc\u00e8s \u00e0 la plage.<\/span><\/li>\n<li><span style=\"font-family: verdana, geneva, sans-serif;\">Soit sur le parking de Lestrevet, pr\u00e8s de l&rsquo;accueil, situ\u00e9 au bout de la plage <strong>c\u00f4t\u00e9 sud<\/strong>. Il faudra alors compter 10 minutes de marche pour rejoindre le site de roulage<\/span><\/li>\n<\/ul>\n<p style=\"text-align: center;\"><span style=\"font-family: verdana, geneva, sans-serif;\">Si vous \u00eates perdus ou que vous avez du retard, n&rsquo;h\u00e9sitez pas \u00e0 me contacter par sms : 06.81.63.83.74<\/span><\/p>\n<p style=\"text-align: center;\"><span style=\"font-family: verdana, geneva, sans-serif;\">On se retrouve 10 minutes avant votre heure de rendez vous directement sur la plage.<\/span><\/p>\n<p style=\"text-align: center;\"><span style=\"font-family: verdana, geneva, sans-serif;\"><strong>NUL BESOIN DE PASSER PAR L&rsquo;ACCUEIL AVANT VOTRE SEANCE<\/strong><\/span><\/p>\n<h2 style=\"text-align: center;\"><span style=\"font-family: verdana, geneva, sans-serif;\">Le local accueil<\/span><\/h2>\n<p style=\"text-align: center;\"><span style=\"font-family: verdana, geneva, sans-serif;\">Le local accueil se trouve parking de Lestrevet, tout au sud de la plage :<\/span><\/p>\n<p style=\"text-align: center;\"><a href=\"https:\/\/charavoileduboutdumonde.com\/en\/comment-nous-trouver-lete\/acceuil-lestrevet\/\" rel=\"attachment wp-att-2395\"><img loading=\"lazy\" decoding=\"async\" class=\"alignnone size-large wp-image-2395\" src=\"http:\/\/charavoileduboutdumonde.com\/wp-content\/uploads\/2024\/01\/Acceuil-Lestrevet-1024x768.jpg\" alt=\"\" width=\"580\" height=\"435\" srcset=\"https:\/\/charavoileduboutdumonde.com\/wp-content\/uploads\/2024\/01\/Acceuil-Lestrevet-1024x768.jpg 1024w, https:\/\/charavoileduboutdumonde.com\/wp-content\/uploads\/2024\/01\/Acceuil-Lestrevet-300x225.jpg 300w, https:\/\/charavoileduboutdumonde.com\/wp-content\/uploads\/2024\/01\/Acceuil-Lestrevet-768x576.jpg 768w, https:\/\/charavoileduboutdumonde.com\/wp-content\/uploads\/2024\/01\/Acceuil-Lestrevet-1536x1152.jpg 1536w, https:\/\/charavoileduboutdumonde.com\/wp-content\/uploads\/2024\/01\/Acceuil-Lestrevet-1200x900.jpg 1200w, https:\/\/charavoileduboutdumonde.com\/wp-content\/uploads\/2024\/01\/Acceuil-Lestrevet-1980x1485.jpg 1980w, https:\/\/charavoileduboutdumonde.com\/wp-content\/uploads\/2024\/01\/Acceuil-Lestrevet.jpg 2000w\" sizes=\"auto, (max-width: 580px) 100vw, 580px\" \/><\/a><\/p>\n<p><a href=\"https:\/\/charavoileduboutdumonde.com\/en\/le-spot\/plan-de-situation\/\" rel=\"attachment wp-att-2388\"><img loading=\"lazy\" decoding=\"async\" class=\"alignnone size-large wp-image-2388\" src=\"http:\/\/charavoileduboutdumonde.com\/wp-content\/uploads\/2024\/01\/plan-de-situation-1024x474.jpg\" alt=\"\" width=\"580\" height=\"268\" srcset=\"https:\/\/charavoileduboutdumonde.com\/wp-content\/uploads\/2024\/01\/plan-de-situation-1024x474.jpg 1024w, https:\/\/charavoileduboutdumonde.com\/wp-content\/uploads\/2024\/01\/plan-de-situation-300x139.jpg 300w, https:\/\/charavoileduboutdumonde.com\/wp-content\/uploads\/2024\/01\/plan-de-situation-768x356.jpg 768w, https:\/\/charavoileduboutdumonde.com\/wp-content\/uploads\/2024\/01\/plan-de-situation-1536x711.jpg 1536w, https:\/\/charavoileduboutdumonde.com\/wp-content\/uploads\/2024\/01\/plan-de-situation-1200x556.jpg 1200w, https:\/\/charavoileduboutdumonde.com\/wp-content\/uploads\/2024\/01\/plan-de-situation.jpg 1888w\" sizes=\"auto, (max-width: 580px) 100vw, 580px\" \/><\/a><\/p>\n<p style=\"text-align: center;\"><span style=\"font-family: verdana, geneva, sans-serif;\">Si vous ne voyez pas de chars sur la plage, c&rsquo;est que je suis \u00e0 l&rsquo;accueil \ud83d\ude09<\/span><\/p>\n<p style=\"text-align: center;\"><span style=\"font-family: verdana, geneva, sans-serif;\">A bient\u00f4t !<\/span><\/p>\n<p>&nbsp;<\/p>\n<p>&nbsp;<\/p>\n<p>&nbsp;<\/p>","protected":false},"excerpt":{"rendered":"<p>Comment nous trouver l&rsquo;\u00e9t\u00e9 ? A partir du 1er juillet, et jusqu&rsquo;au 31 aout, l&rsquo;\u00e9cole de char \u00e0 voile dispense les cours au milieu de la plage de Lestrevet\/Pentrez, comme sur les photos ci dessous : En milieu de plage, il y&rsquo;a un drapeau dans la dune pour vous indiquer la zone. Nous b\u00e9n\u00e9ficions d&rsquo;une [&hellip;]<\/p>","protected":false},"author":2,"featured_media":2392,"comment_status":"closed","ping_status":"open","sticky":false,"template":"","format":"standard","meta":{"inline_featured_image":false,"footnotes":""},"categories":[1],"tags":[],"class_list":["post-2391","post","type-post","status-publish","format-standard","has-post-thumbnail","hentry","category-non-classe"],"yoast_head":"<!-- This site is optimized with the Yoast SEO plugin v27.4 - https:\/\/yoast.com\/product\/yoast-seo-wordpress\/ -->\n<title>COMMENT NOUS TROUVER L&#039;ETE ? - Char \u00e0 Voile du Bout du Monde<\/title>\n<meta name=\"robots\" content=\"index, follow, max-snippet:-1, max-image-preview:large, max-video-preview:-1\" \/>\n<link rel=\"canonical\" href=\"https:\/\/charavoileduboutdumonde.com\/en\/comment-nous-trouver-lete\/\" \/>\n<meta property=\"og:locale\" content=\"en_GB\" \/>\n<meta property=\"og:type\" content=\"article\" \/>\n<meta property=\"og:title\" content=\"COMMENT NOUS TROUVER L&#039;ETE ? - Char \u00e0 Voile du Bout du Monde\" \/>\n<meta property=\"og:description\" content=\"Comment nous trouver l&rsquo;\u00e9t\u00e9 ? A partir du 1er juillet, et jusqu&rsquo;au 31 aout, l&rsquo;\u00e9cole de char \u00e0 voile dispense les cours au milieu de la plage de Lestrevet\/Pentrez, comme sur les photos ci dessous : En milieu de plage, il y&rsquo;a un drapeau dans la dune pour vous indiquer la zone. Nous b\u00e9n\u00e9ficions d&rsquo;une [&hellip;]\" \/>\n<meta property=\"og:url\" content=\"https:\/\/charavoileduboutdumonde.com\/en\/comment-nous-trouver-lete\/\" \/>\n<meta property=\"og:site_name\" content=\"Char \u00e0 Voile du Bout du Monde\" \/>\n<meta property=\"article:publisher\" content=\"https:\/\/www.facebook.com\/charavoileduboutdumonde\/\" \/>\n<meta property=\"article:published_time\" content=\"2025-06-28T05:52:56+00:00\" \/>\n<meta property=\"article:modified_time\" content=\"2025-06-28T06:07:02+00:00\" \/>\n<meta property=\"og:image\" content=\"http:\/\/charavoileduboutdumonde.com\/wp-content\/uploads\/2024\/01\/Affiche-mobile-home-point-de-rendez-vous-e\u0301te\u0301.jpg\" \/>\n\t<meta property=\"og:image:width\" content=\"1888\" \/>\n\t<meta property=\"og:image:height\" content=\"874\" \/>\n\t<meta property=\"og:image:type\" content=\"image\/jpeg\" \/>\n<meta name=\"author\" content=\"charavoileduboutdumonde\" \/>\n<meta name=\"twitter:card\" content=\"summary_large_image\" \/>\n<meta name=\"twitter:label1\" content=\"Written by\" \/>\n\t<meta name=\"twitter:data1\" content=\"charavoileduboutdumonde\" \/>\n\t<meta name=\"twitter:label2\" content=\"Estimated reading time\" \/>\n\t<meta name=\"twitter:data2\" content=\"3 minutes\" \/>\n<script type=\"application\/ld+json\" class=\"yoast-schema-graph\">{\"@context\":\"https:\\\/\\\/schema.org\",\"@graph\":[{\"@type\":\"Article\",\"@id\":\"https:\\\/\\\/charavoileduboutdumonde.com\\\/comment-nous-trouver-lete\\\/#article\",\"isPartOf\":{\"@id\":\"https:\\\/\\\/charavoileduboutdumonde.com\\\/comment-nous-trouver-lete\\\/\"},\"author\":{\"name\":\"charavoileduboutdumonde\",\"@id\":\"https:\\\/\\\/charavoileduboutdumonde.com\\\/#\\\/schema\\\/person\\\/c5da156e5c5b12702aa2ca9946f7070b\"},\"headline\":\"COMMENT NOUS TROUVER L&rsquo;ETE ?\",\"datePublished\":\"2025-06-28T05:52:56+00:00\",\"dateModified\":\"2025-06-28T06:07:02+00:00\",\"mainEntityOfPage\":{\"@id\":\"https:\\\/\\\/charavoileduboutdumonde.com\\\/comment-nous-trouver-lete\\\/\"},\"wordCount\":221,\"publisher\":{\"@id\":\"https:\\\/\\\/charavoileduboutdumonde.com\\\/#organization\"},\"image\":{\"@id\":\"https:\\\/\\\/charavoileduboutdumonde.com\\\/comment-nous-trouver-lete\\\/#primaryimage\"},\"thumbnailUrl\":\"https:\\\/\\\/charavoileduboutdumonde.com\\\/wp-content\\\/uploads\\\/2024\\\/01\\\/Affiche-mobile-home-point-de-rendez-vous-e\u0301te\u0301.jpg\",\"articleSection\":[\"Non class\u00e9\"],\"inLanguage\":\"en-GB\"},{\"@type\":\"WebPage\",\"@id\":\"https:\\\/\\\/charavoileduboutdumonde.com\\\/comment-nous-trouver-lete\\\/\",\"url\":\"https:\\\/\\\/charavoileduboutdumonde.com\\\/comment-nous-trouver-lete\\\/\",\"name\":\"COMMENT NOUS TROUVER L'ETE ? - Char \u00e0 Voile du Bout du Monde\",\"isPartOf\":{\"@id\":\"https:\\\/\\\/charavoileduboutdumonde.com\\\/#website\"},\"primaryImageOfPage\":{\"@id\":\"https:\\\/\\\/charavoileduboutdumonde.com\\\/comment-nous-trouver-lete\\\/#primaryimage\"},\"image\":{\"@id\":\"https:\\\/\\\/charavoileduboutdumonde.com\\\/comment-nous-trouver-lete\\\/#primaryimage\"},\"thumbnailUrl\":\"https:\\\/\\\/charavoileduboutdumonde.com\\\/wp-content\\\/uploads\\\/2024\\\/01\\\/Affiche-mobile-home-point-de-rendez-vous-e\u0301te\u0301.jpg\",\"datePublished\":\"2025-06-28T05:52:56+00:00\",\"dateModified\":\"2025-06-28T06:07:02+00:00\",\"breadcrumb\":{\"@id\":\"https:\\\/\\\/charavoileduboutdumonde.com\\\/comment-nous-trouver-lete\\\/#breadcrumb\"},\"inLanguage\":\"en-GB\",\"potentialAction\":[{\"@type\":\"ReadAction\",\"target\":[\"https:\\\/\\\/charavoileduboutdumonde.com\\\/comment-nous-trouver-lete\\\/\"]}]},{\"@type\":\"ImageObject\",\"inLanguage\":\"en-GB\",\"@id\":\"https:\\\/\\\/charavoileduboutdumonde.com\\\/comment-nous-trouver-lete\\\/#primaryimage\",\"url\":\"https:\\\/\\\/charavoileduboutdumonde.com\\\/wp-content\\\/uploads\\\/2024\\\/01\\\/Affiche-mobile-home-point-de-rendez-vous-e\u0301te\u0301.jpg\",\"contentUrl\":\"https:\\\/\\\/charavoileduboutdumonde.com\\\/wp-content\\\/uploads\\\/2024\\\/01\\\/Affiche-mobile-home-point-de-rendez-vous-e\u0301te\u0301.jpg\",\"width\":1888,\"height\":874},{\"@type\":\"BreadcrumbList\",\"@id\":\"https:\\\/\\\/charavoileduboutdumonde.com\\\/comment-nous-trouver-lete\\\/#breadcrumb\",\"itemListElement\":[{\"@type\":\"ListItem\",\"position\":1,\"name\":\"Accueil\",\"item\":\"https:\\\/\\\/charavoileduboutdumonde.com\\\/\"},{\"@type\":\"ListItem\",\"position\":2,\"name\":\"COMMENT NOUS TROUVER L&rsquo;ETE ?\"}]},{\"@type\":\"WebSite\",\"@id\":\"https:\\\/\\\/charavoileduboutdumonde.com\\\/#website\",\"url\":\"https:\\\/\\\/charavoileduboutdumonde.com\\\/\",\"name\":\"Char \u00e0 Voile du Bout du Monde\",\"description\":\"Char \u00e0 Voile du Bout du Monde - Char \u00e0 voile de loisir en Finist\u00e8re, Bretagne\",\"publisher\":{\"@id\":\"https:\\\/\\\/charavoileduboutdumonde.com\\\/#organization\"},\"potentialAction\":[{\"@type\":\"SearchAction\",\"target\":{\"@type\":\"EntryPoint\",\"urlTemplate\":\"https:\\\/\\\/charavoileduboutdumonde.com\\\/?s={search_term_string}\"},\"query-input\":{\"@type\":\"PropertyValueSpecification\",\"valueRequired\":true,\"valueName\":\"search_term_string\"}}],\"inLanguage\":\"en-GB\"},{\"@type\":\"Organization\",\"@id\":\"https:\\\/\\\/charavoileduboutdumonde.com\\\/#organization\",\"name\":\"Char \u00e0 Voile du Bout du Monde\",\"url\":\"https:\\\/\\\/charavoileduboutdumonde.com\\\/\",\"logo\":{\"@type\":\"ImageObject\",\"inLanguage\":\"en-GB\",\"@id\":\"https:\\\/\\\/charavoileduboutdumonde.com\\\/#\\\/schema\\\/logo\\\/image\\\/\",\"url\":\"https:\\\/\\\/charavoileduboutdumonde.com\\\/wp-content\\\/uploads\\\/2020\\\/05\\\/logoheader.png\",\"contentUrl\":\"https:\\\/\\\/charavoileduboutdumonde.com\\\/wp-content\\\/uploads\\\/2020\\\/05\\\/logoheader.png\",\"width\":249,\"height\":80,\"caption\":\"Char \u00e0 Voile du Bout du Monde\"},\"image\":{\"@id\":\"https:\\\/\\\/charavoileduboutdumonde.com\\\/#\\\/schema\\\/logo\\\/image\\\/\"},\"sameAs\":[\"https:\\\/\\\/www.facebook.com\\\/charavoileduboutdumonde\\\/\",\"https:\\\/\\\/www.instagram.com\\\/charavoileduboutdumonde\\\/\",\"https:\\\/\\\/www.youtube.com\\\/channel\\\/UC6oaDP9kS6oN_ZL61EhoDKw\\\/\"]},{\"@type\":\"Person\",\"@id\":\"https:\\\/\\\/charavoileduboutdumonde.com\\\/#\\\/schema\\\/person\\\/c5da156e5c5b12702aa2ca9946f7070b\",\"name\":\"charavoileduboutdumonde\",\"image\":{\"@type\":\"ImageObject\",\"inLanguage\":\"en-GB\",\"@id\":\"https:\\\/\\\/secure.gravatar.com\\\/avatar\\\/a807324b782435e178784a9109d80676e752c91433474922b3bde72033075754?s=96&d=mm&r=g\",\"url\":\"https:\\\/\\\/secure.gravatar.com\\\/avatar\\\/a807324b782435e178784a9109d80676e752c91433474922b3bde72033075754?s=96&d=mm&r=g\",\"contentUrl\":\"https:\\\/\\\/secure.gravatar.com\\\/avatar\\\/a807324b782435e178784a9109d80676e752c91433474922b3bde72033075754?s=96&d=mm&r=g\",\"caption\":\"charavoileduboutdumonde\"},\"url\":\"https:\\\/\\\/charavoileduboutdumonde.com\\\/en\\\/author\\\/charavoileduboutdumonde\\\/\"}]}<\/script>\n<!-- \/ Yoast SEO plugin. -->","yoast_head_json":{"title":"COMMENT NOUS TROUVER L'ETE ? - Char \u00e0 Voile du Bout du Monde","robots":{"index":"index","follow":"follow","max-snippet":"max-snippet:-1","max-image-preview":"max-image-preview:large","max-video-preview":"max-video-preview:-1"},"canonical":"https:\/\/charavoileduboutdumonde.com\/en\/comment-nous-trouver-lete\/","og_locale":"en_GB","og_type":"article","og_title":"COMMENT NOUS TROUVER L'ETE ? - Char \u00e0 Voile du Bout du Monde","og_description":"Comment nous trouver l&rsquo;\u00e9t\u00e9 ? A partir du 1er juillet, et jusqu&rsquo;au 31 aout, l&rsquo;\u00e9cole de char \u00e0 voile dispense les cours au milieu de la plage de Lestrevet\/Pentrez, comme sur les photos ci dessous : En milieu de plage, il y&rsquo;a un drapeau dans la dune pour vous indiquer la zone. Nous b\u00e9n\u00e9ficions d&rsquo;une [&hellip;]","og_url":"https:\/\/charavoileduboutdumonde.com\/en\/comment-nous-trouver-lete\/","og_site_name":"Char \u00e0 Voile du Bout du Monde","article_publisher":"https:\/\/www.facebook.com\/charavoileduboutdumonde\/","article_published_time":"2025-06-28T05:52:56+00:00","article_modified_time":"2025-06-28T06:07:02+00:00","og_image":[{"width":1888,"height":874,"url":"http:\/\/charavoileduboutdumonde.com\/wp-content\/uploads\/2024\/01\/Affiche-mobile-home-point-de-rendez-vous-e\u0301te\u0301.jpg","type":"image\/jpeg"}],"author":"charavoileduboutdumonde","twitter_card":"summary_large_image","twitter_misc":{"Written by":"charavoileduboutdumonde","Estimated reading time":"3 minutes"},"schema":{"@context":"https:\/\/schema.org","@graph":[{"@type":"Article","@id":"https:\/\/charavoileduboutdumonde.com\/comment-nous-trouver-lete\/#article","isPartOf":{"@id":"https:\/\/charavoileduboutdumonde.com\/comment-nous-trouver-lete\/"},"author":{"name":"charavoileduboutdumonde","@id":"https:\/\/charavoileduboutdumonde.com\/#\/schema\/person\/c5da156e5c5b12702aa2ca9946f7070b"},"headline":"COMMENT NOUS TROUVER L&rsquo;ETE ?","datePublished":"2025-06-28T05:52:56+00:00","dateModified":"2025-06-28T06:07:02+00:00","mainEntityOfPage":{"@id":"https:\/\/charavoileduboutdumonde.com\/comment-nous-trouver-lete\/"},"wordCount":221,"publisher":{"@id":"https:\/\/charavoileduboutdumonde.com\/#organization"},"image":{"@id":"https:\/\/charavoileduboutdumonde.com\/comment-nous-trouver-lete\/#primaryimage"},"thumbnailUrl":"https:\/\/charavoileduboutdumonde.com\/wp-content\/uploads\/2024\/01\/Affiche-mobile-home-point-de-rendez-vous-e\u0301te\u0301.jpg","articleSection":["Non class\u00e9"],"inLanguage":"en-GB"},{"@type":"WebPage","@id":"https:\/\/charavoileduboutdumonde.com\/comment-nous-trouver-lete\/","url":"https:\/\/charavoileduboutdumonde.com\/comment-nous-trouver-lete\/","name":"COMMENT NOUS TROUVER L'ETE ? - Char \u00e0 Voile du Bout du Monde","isPartOf":{"@id":"https:\/\/charavoileduboutdumonde.com\/#website"},"primaryImageOfPage":{"@id":"https:\/\/charavoileduboutdumonde.com\/comment-nous-trouver-lete\/#primaryimage"},"image":{"@id":"https:\/\/charavoileduboutdumonde.com\/comment-nous-trouver-lete\/#primaryimage"},"thumbnailUrl":"https:\/\/charavoileduboutdumonde.com\/wp-content\/uploads\/2024\/01\/Affiche-mobile-home-point-de-rendez-vous-e\u0301te\u0301.jpg","datePublished":"2025-06-28T05:52:56+00:00","dateModified":"2025-06-28T06:07:02+00:00","breadcrumb":{"@id":"https:\/\/charavoileduboutdumonde.com\/comment-nous-trouver-lete\/#breadcrumb"},"inLanguage":"en-GB","potentialAction":[{"@type":"ReadAction","target":["https:\/\/charavoileduboutdumonde.com\/comment-nous-trouver-lete\/"]}]},{"@type":"ImageObject","inLanguage":"en-GB","@id":"https:\/\/charavoileduboutdumonde.com\/comment-nous-trouver-lete\/#primaryimage","url":"https:\/\/charavoileduboutdumonde.com\/wp-content\/uploads\/2024\/01\/Affiche-mobile-home-point-de-rendez-vous-e\u0301te\u0301.jpg","contentUrl":"https:\/\/charavoileduboutdumonde.com\/wp-content\/uploads\/2024\/01\/Affiche-mobile-home-point-de-rendez-vous-e\u0301te\u0301.jpg","width":1888,"height":874},{"@type":"BreadcrumbList","@id":"https:\/\/charavoileduboutdumonde.com\/comment-nous-trouver-lete\/#breadcrumb","itemListElement":[{"@type":"ListItem","position":1,"name":"Accueil","item":"https:\/\/charavoileduboutdumonde.com\/"},{"@type":"ListItem","position":2,"name":"COMMENT NOUS TROUVER L&rsquo;ETE ?"}]},{"@type":"WebSite","@id":"https:\/\/charavoileduboutdumonde.com\/#website","url":"https:\/\/charavoileduboutdumonde.com\/","name":"Char \u00e0 Voile du Bout du Monde","description":"Char \u00e0 Voile du Bout du Monde - Char \u00e0 voile de loisir en Finist\u00e8re, Bretagne","publisher":{"@id":"https:\/\/charavoileduboutdumonde.com\/#organization"},"potentialAction":[{"@type":"SearchAction","target":{"@type":"EntryPoint","urlTemplate":"https:\/\/charavoileduboutdumonde.com\/?s={search_term_string}"},"query-input":{"@type":"PropertyValueSpecification","valueRequired":true,"valueName":"search_term_string"}}],"inLanguage":"en-GB"},{"@type":"Organization","@id":"https:\/\/charavoileduboutdumonde.com\/#organization","name":"Char \u00e0 Voile du Bout du Monde","url":"https:\/\/charavoileduboutdumonde.com\/","logo":{"@type":"ImageObject","inLanguage":"en-GB","@id":"https:\/\/charavoileduboutdumonde.com\/#\/schema\/logo\/image\/","url":"https:\/\/charavoileduboutdumonde.com\/wp-content\/uploads\/2020\/05\/logoheader.png","contentUrl":"https:\/\/charavoileduboutdumonde.com\/wp-content\/uploads\/2020\/05\/logoheader.png","width":249,"height":80,"caption":"Char \u00e0 Voile du Bout du Monde"},"image":{"@id":"https:\/\/charavoileduboutdumonde.com\/#\/schema\/logo\/image\/"},"sameAs":["https:\/\/www.facebook.com\/charavoileduboutdumonde\/","https:\/\/www.instagram.com\/charavoileduboutdumonde\/","https:\/\/www.youtube.com\/channel\/UC6oaDP9kS6oN_ZL61EhoDKw\/"]},{"@type":"Person","@id":"https:\/\/charavoileduboutdumonde.com\/#\/schema\/person\/c5da156e5c5b12702aa2ca9946f7070b","name":"charavoileduboutdumonde","image":{"@type":"ImageObject","inLanguage":"en-GB","@id":"https:\/\/secure.gravatar.com\/avatar\/a807324b782435e178784a9109d80676e752c91433474922b3bde72033075754?s=96&d=mm&r=g","url":"https:\/\/secure.gravatar.com\/avatar\/a807324b782435e178784a9109d80676e752c91433474922b3bde72033075754?s=96&d=mm&r=g","contentUrl":"https:\/\/secure.gravatar.com\/avatar\/a807324b782435e178784a9109d80676e752c91433474922b3bde72033075754?s=96&d=mm&r=g","caption":"charavoileduboutdumonde"},"url":"https:\/\/charavoileduboutdumonde.com\/en\/author\/charavoileduboutdumonde\/"}]}},"_links":{"self":[{"href":"https:\/\/charavoileduboutdumonde.com\/en\/wp-json\/wp\/v2\/posts\/2391","targetHints":{"allow":["GET"]}}],"collection":[{"href":"https:\/\/charavoileduboutdumonde.com\/en\/wp-json\/wp\/v2\/posts"}],"about":[{"href":"https:\/\/charavoileduboutdumonde.com\/en\/wp-json\/wp\/v2\/types\/post"}],"author":[{"embeddable":true,"href":"https:\/\/charavoileduboutdumonde.com\/en\/wp-json\/wp\/v2\/users\/2"}],"replies":[{"embeddable":true,"href":"https:\/\/charavoileduboutdumonde.com\/en\/wp-json\/wp\/v2\/comments?post=2391"}],"version-history":[{"count":12,"href":"https:\/\/charavoileduboutdumonde.com\/en\/wp-json\/wp\/v2\/posts\/2391\/revisions"}],"predecessor-version":[{"id":2793,"href":"https:\/\/charavoileduboutdumonde.com\/en\/wp-json\/wp\/v2\/posts\/2391\/revisions\/2793"}],"wp:featuredmedia":[{"embeddable":true,"href":"https:\/\/charavoileduboutdumonde.com\/en\/wp-json\/wp\/v2\/media\/2392"}],"wp:attachment":[{"href":"https:\/\/charavoileduboutdumonde.com\/en\/wp-json\/wp\/v2\/media?parent=2391"}],"wp:term":[{"taxonomy":"category","embeddable":true,"href":"https:\/\/charavoileduboutdumonde.com\/en\/wp-json\/wp\/v2\/categories?post=2391"},{"taxonomy":"post_tag","embeddable":true,"href":"https:\/\/charavoileduboutdumonde.com\/en\/wp-json\/wp\/v2\/tags?post=2391"}],"curies":[{"name":"wp","href":"https:\/\/api.w.org\/{rel}","templated":true}]}}