{"id":2488,"date":"2025-08-30T08:00:52","date_gmt":"2025-08-30T06:00:52","guid":{"rendered":"https:\/\/charavoileduboutdumonde.com\/?p=2488"},"modified":"2025-08-30T08:10:25","modified_gmt":"2025-08-30T06:10:25","slug":"cest-la-rentree-2","status":"publish","type":"post","link":"https:\/\/charavoileduboutdumonde.com\/en\/cest-la-rentree-2\/","title":{"rendered":"C&rsquo;est la rentr\u00e9e !"},"content":{"rendered":"<p style=\"text-align: center;\"><span style=\"font-family: verdana, geneva, sans-serif;\">Apr\u00e8s une saison riche en <strong>partages<\/strong>, en <strong>rencontres<\/strong>, et en <strong>bonne humeur<\/strong>, il est temps de reprendre le chemin de l&rsquo;\u00e9cole pour les enfants et ados.<\/span><\/p>\n<p style=\"text-align: center;\"><span style=\"font-family: verdana, geneva, sans-serif;\">Je vous souhaites \u00e0 toutes et tous une tr\u00e8s belle ann\u00e9e scolaire, et je vous attends tr\u00e8s vite, au bout du monde, pour de nouvelles aventures \ud83e\udd29<\/span><\/p>\n<p><a href=\"https:\/\/charavoileduboutdumonde.com\/en\/cest-la-rentree-2\/rentree-2024-briefing\/\" rel=\"attachment wp-att-2494\"><img loading=\"lazy\" decoding=\"async\" class=\"alignnone size-large wp-image-2494\" src=\"http:\/\/charavoileduboutdumonde.com\/wp-content\/uploads\/2024\/08\/rentre\u0301e-2024-briefing-960x1024.jpg\" alt=\"\" width=\"580\" height=\"619\" srcset=\"https:\/\/charavoileduboutdumonde.com\/wp-content\/uploads\/2024\/08\/rentre\u0301e-2024-briefing-960x1024.jpg 960w, https:\/\/charavoileduboutdumonde.com\/wp-content\/uploads\/2024\/08\/rentre\u0301e-2024-briefing-281x300.jpg 281w, https:\/\/charavoileduboutdumonde.com\/wp-content\/uploads\/2024\/08\/rentre\u0301e-2024-briefing-768x819.jpg 768w, https:\/\/charavoileduboutdumonde.com\/wp-content\/uploads\/2024\/08\/rentre\u0301e-2024-briefing.jpg 1106w\" sizes=\"auto, (max-width: 580px) 100vw, 580px\" \/><\/a><\/p>\n<p style=\"text-align: center;\"><span style=\"font-family: verdana, geneva, sans-serif;\">L&rsquo;\u00e9cole de char \u00e0 voile du bout du monde reste <strong>ouverte TOUTE L&rsquo;ANNEE<\/strong>, donc n&rsquo;h\u00e9sitez pas \ud83d\ude0e<\/span><\/p>\n<p style=\"text-align: center;\"><strong><span style=\"font-family: verdana, geneva, sans-serif; font-size: 18pt;\">06.81.63.83.74<\/span><\/strong><\/p>\n<p style=\"text-align: center;\"><span style=\"font-family: verdana, geneva, sans-serif;\">On se rejoint au bureau ou sur la plage \ud83d\ude09<\/span><\/p>\n<p><a href=\"https:\/\/charavoileduboutdumonde.com\/en\/le-spot\/local\/\" rel=\"attachment wp-att-2383\"><img loading=\"lazy\" decoding=\"async\" class=\"aligncenter wp-image-2383\" src=\"http:\/\/charavoileduboutdumonde.com\/wp-content\/uploads\/2024\/01\/local.jpg\" alt=\"\" width=\"580\" height=\"389\" srcset=\"https:\/\/charavoileduboutdumonde.com\/wp-content\/uploads\/2024\/01\/local.jpg 1000w, https:\/\/charavoileduboutdumonde.com\/wp-content\/uploads\/2024\/01\/local-300x201.jpg 300w, https:\/\/charavoileduboutdumonde.com\/wp-content\/uploads\/2024\/01\/local-768x515.jpg 768w\" sizes=\"auto, (max-width: 580px) 100vw, 580px\" \/><\/a><\/p>\n<p><a href=\"https:\/\/charavoileduboutdumonde.com\/en\/cest-la-rentree-2\/plan-de-situation-hiver\/\" rel=\"attachment wp-att-2495\"><img loading=\"lazy\" decoding=\"async\" class=\"aligncenter wp-image-2495 size-large\" src=\"http:\/\/charavoileduboutdumonde.com\/wp-content\/uploads\/2024\/09\/plan-de-situation-HIVER-1024x474.jpg\" alt=\"\" width=\"580\" height=\"268\" srcset=\"https:\/\/charavoileduboutdumonde.com\/wp-content\/uploads\/2024\/09\/plan-de-situation-HIVER-1024x474.jpg 1024w, https:\/\/charavoileduboutdumonde.com\/wp-content\/uploads\/2024\/09\/plan-de-situation-HIVER-300x139.jpg 300w, https:\/\/charavoileduboutdumonde.com\/wp-content\/uploads\/2024\/09\/plan-de-situation-HIVER-768x356.jpg 768w, https:\/\/charavoileduboutdumonde.com\/wp-content\/uploads\/2024\/09\/plan-de-situation-HIVER-1536x711.jpg 1536w, https:\/\/charavoileduboutdumonde.com\/wp-content\/uploads\/2024\/09\/plan-de-situation-HIVER-1200x556.jpg 1200w, https:\/\/charavoileduboutdumonde.com\/wp-content\/uploads\/2024\/09\/plan-de-situation-HIVER.jpg 1888w\" sizes=\"auto, (max-width: 580px) 100vw, 580px\" \/><\/a><\/p>\n<p>&nbsp;<\/p>","protected":false},"excerpt":{"rendered":"<p>Apr\u00e8s une saison riche en partages, en rencontres, et en bonne humeur, il est temps de reprendre le chemin de l&rsquo;\u00e9cole pour les enfants et ados. Je vous souhaites \u00e0 toutes et tous une tr\u00e8s belle ann\u00e9e scolaire, et je vous attends tr\u00e8s vite, au bout du monde, pour de nouvelles aventures \ud83e\udd29 L&rsquo;\u00e9cole de [&hellip;]<\/p>","protected":false},"author":2,"featured_media":2494,"comment_status":"closed","ping_status":"open","sticky":false,"template":"","format":"standard","meta":{"inline_featured_image":false,"footnotes":""},"categories":[1],"tags":[],"class_list":["post-2488","post","type-post","status-publish","format-standard","has-post-thumbnail","hentry","category-non-classe"],"yoast_head":"<!-- This site is optimized with the Yoast SEO plugin v27.4 - https:\/\/yoast.com\/product\/yoast-seo-wordpress\/ -->\n<title>C&#039;est la rentr\u00e9e ! - Char \u00e0 Voile du Bout du Monde<\/title>\n<meta name=\"robots\" content=\"index, follow, max-snippet:-1, max-image-preview:large, max-video-preview:-1\" \/>\n<link rel=\"canonical\" href=\"https:\/\/charavoileduboutdumonde.com\/en\/cest-la-rentree-2\/\" \/>\n<meta property=\"og:locale\" content=\"en_GB\" \/>\n<meta property=\"og:type\" content=\"article\" \/>\n<meta property=\"og:title\" content=\"C&#039;est la rentr\u00e9e ! - Char \u00e0 Voile du Bout du Monde\" \/>\n<meta property=\"og:description\" content=\"Apr\u00e8s une saison riche en partages, en rencontres, et en bonne humeur, il est temps de reprendre le chemin de l&rsquo;\u00e9cole pour les enfants et ados. Je vous souhaites \u00e0 toutes et tous une tr\u00e8s belle ann\u00e9e scolaire, et je vous attends tr\u00e8s vite, au bout du monde, pour de nouvelles aventures \ud83e\udd29 L&rsquo;\u00e9cole de [&hellip;]\" \/>\n<meta property=\"og:url\" content=\"https:\/\/charavoileduboutdumonde.com\/en\/cest-la-rentree-2\/\" \/>\n<meta property=\"og:site_name\" content=\"Char \u00e0 Voile du Bout du Monde\" \/>\n<meta property=\"article:publisher\" content=\"https:\/\/www.facebook.com\/charavoileduboutdumonde\/\" \/>\n<meta property=\"article:published_time\" content=\"2025-08-30T06:00:52+00:00\" \/>\n<meta property=\"article:modified_time\" content=\"2025-08-30T06:10:25+00:00\" \/>\n<meta property=\"og:image\" content=\"http:\/\/charavoileduboutdumonde.com\/wp-content\/uploads\/2024\/08\/rentre\u0301e-2024-briefing.jpg\" \/>\n\t<meta property=\"og:image:width\" content=\"1106\" \/>\n\t<meta property=\"og:image:height\" content=\"1180\" \/>\n\t<meta property=\"og:image:type\" content=\"image\/jpeg\" \/>\n<meta name=\"author\" content=\"charavoileduboutdumonde\" \/>\n<meta name=\"twitter:card\" content=\"summary_large_image\" \/>\n<meta name=\"twitter:label1\" content=\"Written by\" \/>\n\t<meta name=\"twitter:data1\" content=\"charavoileduboutdumonde\" \/>\n\t<meta name=\"twitter:label2\" content=\"Estimated reading time\" \/>\n\t<meta name=\"twitter:data2\" content=\"2 minutes\" \/>\n<script type=\"application\/ld+json\" class=\"yoast-schema-graph\">{\"@context\":\"https:\\\/\\\/schema.org\",\"@graph\":[{\"@type\":\"Article\",\"@id\":\"https:\\\/\\\/charavoileduboutdumonde.com\\\/cest-la-rentree-2\\\/#article\",\"isPartOf\":{\"@id\":\"https:\\\/\\\/charavoileduboutdumonde.com\\\/cest-la-rentree-2\\\/\"},\"author\":{\"name\":\"charavoileduboutdumonde\",\"@id\":\"https:\\\/\\\/charavoileduboutdumonde.com\\\/#\\\/schema\\\/person\\\/c5da156e5c5b12702aa2ca9946f7070b\"},\"headline\":\"C&rsquo;est la rentr\u00e9e !\",\"datePublished\":\"2025-08-30T06:00:52+00:00\",\"dateModified\":\"2025-08-30T06:10:25+00:00\",\"mainEntityOfPage\":{\"@id\":\"https:\\\/\\\/charavoileduboutdumonde.com\\\/cest-la-rentree-2\\\/\"},\"wordCount\":87,\"publisher\":{\"@id\":\"https:\\\/\\\/charavoileduboutdumonde.com\\\/#organization\"},\"image\":{\"@id\":\"https:\\\/\\\/charavoileduboutdumonde.com\\\/cest-la-rentree-2\\\/#primaryimage\"},\"thumbnailUrl\":\"https:\\\/\\\/charavoileduboutdumonde.com\\\/wp-content\\\/uploads\\\/2024\\\/08\\\/rentre\u0301e-2024-briefing.jpg\",\"articleSection\":[\"Non class\u00e9\"],\"inLanguage\":\"en-GB\"},{\"@type\":\"WebPage\",\"@id\":\"https:\\\/\\\/charavoileduboutdumonde.com\\\/cest-la-rentree-2\\\/\",\"url\":\"https:\\\/\\\/charavoileduboutdumonde.com\\\/cest-la-rentree-2\\\/\",\"name\":\"C'est la rentr\u00e9e ! - Char \u00e0 Voile du Bout du Monde\",\"isPartOf\":{\"@id\":\"https:\\\/\\\/charavoileduboutdumonde.com\\\/#website\"},\"primaryImageOfPage\":{\"@id\":\"https:\\\/\\\/charavoileduboutdumonde.com\\\/cest-la-rentree-2\\\/#primaryimage\"},\"image\":{\"@id\":\"https:\\\/\\\/charavoileduboutdumonde.com\\\/cest-la-rentree-2\\\/#primaryimage\"},\"thumbnailUrl\":\"https:\\\/\\\/charavoileduboutdumonde.com\\\/wp-content\\\/uploads\\\/2024\\\/08\\\/rentre\u0301e-2024-briefing.jpg\",\"datePublished\":\"2025-08-30T06:00:52+00:00\",\"dateModified\":\"2025-08-30T06:10:25+00:00\",\"breadcrumb\":{\"@id\":\"https:\\\/\\\/charavoileduboutdumonde.com\\\/cest-la-rentree-2\\\/#breadcrumb\"},\"inLanguage\":\"en-GB\",\"potentialAction\":[{\"@type\":\"ReadAction\",\"target\":[\"https:\\\/\\\/charavoileduboutdumonde.com\\\/cest-la-rentree-2\\\/\"]}]},{\"@type\":\"ImageObject\",\"inLanguage\":\"en-GB\",\"@id\":\"https:\\\/\\\/charavoileduboutdumonde.com\\\/cest-la-rentree-2\\\/#primaryimage\",\"url\":\"https:\\\/\\\/charavoileduboutdumonde.com\\\/wp-content\\\/uploads\\\/2024\\\/08\\\/rentre\u0301e-2024-briefing.jpg\",\"contentUrl\":\"https:\\\/\\\/charavoileduboutdumonde.com\\\/wp-content\\\/uploads\\\/2024\\\/08\\\/rentre\u0301e-2024-briefing.jpg\",\"width\":1106,\"height\":1180},{\"@type\":\"BreadcrumbList\",\"@id\":\"https:\\\/\\\/charavoileduboutdumonde.com\\\/cest-la-rentree-2\\\/#breadcrumb\",\"itemListElement\":[{\"@type\":\"ListItem\",\"position\":1,\"name\":\"Accueil\",\"item\":\"https:\\\/\\\/charavoileduboutdumonde.com\\\/\"},{\"@type\":\"ListItem\",\"position\":2,\"name\":\"C&rsquo;est la rentr\u00e9e !\"}]},{\"@type\":\"WebSite\",\"@id\":\"https:\\\/\\\/charavoileduboutdumonde.com\\\/#website\",\"url\":\"https:\\\/\\\/charavoileduboutdumonde.com\\\/\",\"name\":\"Char \u00e0 Voile du Bout du Monde\",\"description\":\"Char \u00e0 Voile du Bout du Monde - Char \u00e0 voile de loisir en Finist\u00e8re, Bretagne\",\"publisher\":{\"@id\":\"https:\\\/\\\/charavoileduboutdumonde.com\\\/#organization\"},\"potentialAction\":[{\"@type\":\"SearchAction\",\"target\":{\"@type\":\"EntryPoint\",\"urlTemplate\":\"https:\\\/\\\/charavoileduboutdumonde.com\\\/?s={search_term_string}\"},\"query-input\":{\"@type\":\"PropertyValueSpecification\",\"valueRequired\":true,\"valueName\":\"search_term_string\"}}],\"inLanguage\":\"en-GB\"},{\"@type\":\"Organization\",\"@id\":\"https:\\\/\\\/charavoileduboutdumonde.com\\\/#organization\",\"name\":\"Char \u00e0 Voile du Bout du Monde\",\"url\":\"https:\\\/\\\/charavoileduboutdumonde.com\\\/\",\"logo\":{\"@type\":\"ImageObject\",\"inLanguage\":\"en-GB\",\"@id\":\"https:\\\/\\\/charavoileduboutdumonde.com\\\/#\\\/schema\\\/logo\\\/image\\\/\",\"url\":\"https:\\\/\\\/charavoileduboutdumonde.com\\\/wp-content\\\/uploads\\\/2020\\\/05\\\/logoheader.png\",\"contentUrl\":\"https:\\\/\\\/charavoileduboutdumonde.com\\\/wp-content\\\/uploads\\\/2020\\\/05\\\/logoheader.png\",\"width\":249,\"height\":80,\"caption\":\"Char \u00e0 Voile du Bout du Monde\"},\"image\":{\"@id\":\"https:\\\/\\\/charavoileduboutdumonde.com\\\/#\\\/schema\\\/logo\\\/image\\\/\"},\"sameAs\":[\"https:\\\/\\\/www.facebook.com\\\/charavoileduboutdumonde\\\/\",\"https:\\\/\\\/www.instagram.com\\\/charavoileduboutdumonde\\\/\",\"https:\\\/\\\/www.youtube.com\\\/channel\\\/UC6oaDP9kS6oN_ZL61EhoDKw\\\/\"]},{\"@type\":\"Person\",\"@id\":\"https:\\\/\\\/charavoileduboutdumonde.com\\\/#\\\/schema\\\/person\\\/c5da156e5c5b12702aa2ca9946f7070b\",\"name\":\"charavoileduboutdumonde\",\"image\":{\"@type\":\"ImageObject\",\"inLanguage\":\"en-GB\",\"@id\":\"https:\\\/\\\/secure.gravatar.com\\\/avatar\\\/a807324b782435e178784a9109d80676e752c91433474922b3bde72033075754?s=96&d=mm&r=g\",\"url\":\"https:\\\/\\\/secure.gravatar.com\\\/avatar\\\/a807324b782435e178784a9109d80676e752c91433474922b3bde72033075754?s=96&d=mm&r=g\",\"contentUrl\":\"https:\\\/\\\/secure.gravatar.com\\\/avatar\\\/a807324b782435e178784a9109d80676e752c91433474922b3bde72033075754?s=96&d=mm&r=g\",\"caption\":\"charavoileduboutdumonde\"},\"url\":\"https:\\\/\\\/charavoileduboutdumonde.com\\\/en\\\/author\\\/charavoileduboutdumonde\\\/\"}]}<\/script>\n<!-- \/ Yoast SEO plugin. -->","yoast_head_json":{"title":"C'est la rentr\u00e9e ! - Char \u00e0 Voile du Bout du Monde","robots":{"index":"index","follow":"follow","max-snippet":"max-snippet:-1","max-image-preview":"max-image-preview:large","max-video-preview":"max-video-preview:-1"},"canonical":"https:\/\/charavoileduboutdumonde.com\/en\/cest-la-rentree-2\/","og_locale":"en_GB","og_type":"article","og_title":"C'est la rentr\u00e9e ! - Char \u00e0 Voile du Bout du Monde","og_description":"Apr\u00e8s une saison riche en partages, en rencontres, et en bonne humeur, il est temps de reprendre le chemin de l&rsquo;\u00e9cole pour les enfants et ados. Je vous souhaites \u00e0 toutes et tous une tr\u00e8s belle ann\u00e9e scolaire, et je vous attends tr\u00e8s vite, au bout du monde, pour de nouvelles aventures \ud83e\udd29 L&rsquo;\u00e9cole de [&hellip;]","og_url":"https:\/\/charavoileduboutdumonde.com\/en\/cest-la-rentree-2\/","og_site_name":"Char \u00e0 Voile du Bout du Monde","article_publisher":"https:\/\/www.facebook.com\/charavoileduboutdumonde\/","article_published_time":"2025-08-30T06:00:52+00:00","article_modified_time":"2025-08-30T06:10:25+00:00","og_image":[{"width":1106,"height":1180,"url":"http:\/\/charavoileduboutdumonde.com\/wp-content\/uploads\/2024\/08\/rentre\u0301e-2024-briefing.jpg","type":"image\/jpeg"}],"author":"charavoileduboutdumonde","twitter_card":"summary_large_image","twitter_misc":{"Written by":"charavoileduboutdumonde","Estimated reading time":"2 minutes"},"schema":{"@context":"https:\/\/schema.org","@graph":[{"@type":"Article","@id":"https:\/\/charavoileduboutdumonde.com\/cest-la-rentree-2\/#article","isPartOf":{"@id":"https:\/\/charavoileduboutdumonde.com\/cest-la-rentree-2\/"},"author":{"name":"charavoileduboutdumonde","@id":"https:\/\/charavoileduboutdumonde.com\/#\/schema\/person\/c5da156e5c5b12702aa2ca9946f7070b"},"headline":"C&rsquo;est la rentr\u00e9e !","datePublished":"2025-08-30T06:00:52+00:00","dateModified":"2025-08-30T06:10:25+00:00","mainEntityOfPage":{"@id":"https:\/\/charavoileduboutdumonde.com\/cest-la-rentree-2\/"},"wordCount":87,"publisher":{"@id":"https:\/\/charavoileduboutdumonde.com\/#organization"},"image":{"@id":"https:\/\/charavoileduboutdumonde.com\/cest-la-rentree-2\/#primaryimage"},"thumbnailUrl":"https:\/\/charavoileduboutdumonde.com\/wp-content\/uploads\/2024\/08\/rentre\u0301e-2024-briefing.jpg","articleSection":["Non class\u00e9"],"inLanguage":"en-GB"},{"@type":"WebPage","@id":"https:\/\/charavoileduboutdumonde.com\/cest-la-rentree-2\/","url":"https:\/\/charavoileduboutdumonde.com\/cest-la-rentree-2\/","name":"C'est la rentr\u00e9e ! - Char \u00e0 Voile du Bout du Monde","isPartOf":{"@id":"https:\/\/charavoileduboutdumonde.com\/#website"},"primaryImageOfPage":{"@id":"https:\/\/charavoileduboutdumonde.com\/cest-la-rentree-2\/#primaryimage"},"image":{"@id":"https:\/\/charavoileduboutdumonde.com\/cest-la-rentree-2\/#primaryimage"},"thumbnailUrl":"https:\/\/charavoileduboutdumonde.com\/wp-content\/uploads\/2024\/08\/rentre\u0301e-2024-briefing.jpg","datePublished":"2025-08-30T06:00:52+00:00","dateModified":"2025-08-30T06:10:25+00:00","breadcrumb":{"@id":"https:\/\/charavoileduboutdumonde.com\/cest-la-rentree-2\/#breadcrumb"},"inLanguage":"en-GB","potentialAction":[{"@type":"ReadAction","target":["https:\/\/charavoileduboutdumonde.com\/cest-la-rentree-2\/"]}]},{"@type":"ImageObject","inLanguage":"en-GB","@id":"https:\/\/charavoileduboutdumonde.com\/cest-la-rentree-2\/#primaryimage","url":"https:\/\/charavoileduboutdumonde.com\/wp-content\/uploads\/2024\/08\/rentre\u0301e-2024-briefing.jpg","contentUrl":"https:\/\/charavoileduboutdumonde.com\/wp-content\/uploads\/2024\/08\/rentre\u0301e-2024-briefing.jpg","width":1106,"height":1180},{"@type":"BreadcrumbList","@id":"https:\/\/charavoileduboutdumonde.com\/cest-la-rentree-2\/#breadcrumb","itemListElement":[{"@type":"ListItem","position":1,"name":"Accueil","item":"https:\/\/charavoileduboutdumonde.com\/"},{"@type":"ListItem","position":2,"name":"C&rsquo;est la rentr\u00e9e !"}]},{"@type":"WebSite","@id":"https:\/\/charavoileduboutdumonde.com\/#website","url":"https:\/\/charavoileduboutdumonde.com\/","name":"Char \u00e0 Voile du Bout du Monde","description":"Char \u00e0 Voile du Bout du Monde - Char \u00e0 voile de loisir en Finist\u00e8re, Bretagne","publisher":{"@id":"https:\/\/charavoileduboutdumonde.com\/#organization"},"potentialAction":[{"@type":"SearchAction","target":{"@type":"EntryPoint","urlTemplate":"https:\/\/charavoileduboutdumonde.com\/?s={search_term_string}"},"query-input":{"@type":"PropertyValueSpecification","valueRequired":true,"valueName":"search_term_string"}}],"inLanguage":"en-GB"},{"@type":"Organization","@id":"https:\/\/charavoileduboutdumonde.com\/#organization","name":"Char \u00e0 Voile du Bout du Monde","url":"https:\/\/charavoileduboutdumonde.com\/","logo":{"@type":"ImageObject","inLanguage":"en-GB","@id":"https:\/\/charavoileduboutdumonde.com\/#\/schema\/logo\/image\/","url":"https:\/\/charavoileduboutdumonde.com\/wp-content\/uploads\/2020\/05\/logoheader.png","contentUrl":"https:\/\/charavoileduboutdumonde.com\/wp-content\/uploads\/2020\/05\/logoheader.png","width":249,"height":80,"caption":"Char \u00e0 Voile du Bout du Monde"},"image":{"@id":"https:\/\/charavoileduboutdumonde.com\/#\/schema\/logo\/image\/"},"sameAs":["https:\/\/www.facebook.com\/charavoileduboutdumonde\/","https:\/\/www.instagram.com\/charavoileduboutdumonde\/","https:\/\/www.youtube.com\/channel\/UC6oaDP9kS6oN_ZL61EhoDKw\/"]},{"@type":"Person","@id":"https:\/\/charavoileduboutdumonde.com\/#\/schema\/person\/c5da156e5c5b12702aa2ca9946f7070b","name":"charavoileduboutdumonde","image":{"@type":"ImageObject","inLanguage":"en-GB","@id":"https:\/\/secure.gravatar.com\/avatar\/a807324b782435e178784a9109d80676e752c91433474922b3bde72033075754?s=96&d=mm&r=g","url":"https:\/\/secure.gravatar.com\/avatar\/a807324b782435e178784a9109d80676e752c91433474922b3bde72033075754?s=96&d=mm&r=g","contentUrl":"https:\/\/secure.gravatar.com\/avatar\/a807324b782435e178784a9109d80676e752c91433474922b3bde72033075754?s=96&d=mm&r=g","caption":"charavoileduboutdumonde"},"url":"https:\/\/charavoileduboutdumonde.com\/en\/author\/charavoileduboutdumonde\/"}]}},"_links":{"self":[{"href":"https:\/\/charavoileduboutdumonde.com\/en\/wp-json\/wp\/v2\/posts\/2488","targetHints":{"allow":["GET"]}}],"collection":[{"href":"https:\/\/charavoileduboutdumonde.com\/en\/wp-json\/wp\/v2\/posts"}],"about":[{"href":"https:\/\/charavoileduboutdumonde.com\/en\/wp-json\/wp\/v2\/types\/post"}],"author":[{"embeddable":true,"href":"https:\/\/charavoileduboutdumonde.com\/en\/wp-json\/wp\/v2\/users\/2"}],"replies":[{"embeddable":true,"href":"https:\/\/charavoileduboutdumonde.com\/en\/wp-json\/wp\/v2\/comments?post=2488"}],"version-history":[{"count":6,"href":"https:\/\/charavoileduboutdumonde.com\/en\/wp-json\/wp\/v2\/posts\/2488\/revisions"}],"predecessor-version":[{"id":2810,"href":"https:\/\/charavoileduboutdumonde.com\/en\/wp-json\/wp\/v2\/posts\/2488\/revisions\/2810"}],"wp:featuredmedia":[{"embeddable":true,"href":"https:\/\/charavoileduboutdumonde.com\/en\/wp-json\/wp\/v2\/media\/2494"}],"wp:attachment":[{"href":"https:\/\/charavoileduboutdumonde.com\/en\/wp-json\/wp\/v2\/media?parent=2488"}],"wp:term":[{"taxonomy":"category","embeddable":true,"href":"https:\/\/charavoileduboutdumonde.com\/en\/wp-json\/wp\/v2\/categories?post=2488"},{"taxonomy":"post_tag","embeddable":true,"href":"https:\/\/charavoileduboutdumonde.com\/en\/wp-json\/wp\/v2\/tags?post=2488"}],"curies":[{"name":"wp","href":"https:\/\/api.w.org\/{rel}","templated":true}]}}