{"id":544,"date":"2020-06-24T21:37:54","date_gmt":"2020-06-24T19:37:54","guid":{"rendered":"http:\/\/charavoileduboutdumonde.com\/?p=544"},"modified":"2021-11-27T14:58:18","modified_gmt":"2021-11-27T13:58:18","slug":"formation-professionnelle","status":"publish","type":"post","link":"https:\/\/charavoileduboutdumonde.com\/en\/formation-professionnelle\/","title":{"rendered":"FORMATION PROFESSIONNELLE"},"content":{"rendered":"<h2><span style=\"font-family: sev;\">La formation professionnelle, une des missions de l&rsquo;\u00e9cole de char \u00e0 voile du bout du monde\u00a0<\/span><\/h2>\n<p><span style=\"font-family: sev;\"><a href=\"http:\/\/charavoileduboutdumonde.com\/en\/formation-professionnelle\/stagiaires-bpjeps-2020\/\" rel=\"attachment wp-att-724\"><img loading=\"lazy\" decoding=\"async\" class=\"alignnone wp-image-724\" src=\"http:\/\/charavoileduboutdumonde.com\/wp-content\/uploads\/2020\/06\/stagiaires-BPJEPS-2020-300x225.png\" alt=\"formation-BPJEPS-2020\" width=\"435\" height=\"326\" srcset=\"https:\/\/charavoileduboutdumonde.com\/wp-content\/uploads\/2020\/06\/stagiaires-BPJEPS-2020-300x225.png 300w, https:\/\/charavoileduboutdumonde.com\/wp-content\/uploads\/2020\/06\/stagiaires-BPJEPS-2020-1024x766.png 1024w, https:\/\/charavoileduboutdumonde.com\/wp-content\/uploads\/2020\/06\/stagiaires-BPJEPS-2020-768x575.png 768w, https:\/\/charavoileduboutdumonde.com\/wp-content\/uploads\/2020\/06\/stagiaires-BPJEPS-2020-1200x898.png 1200w, https:\/\/charavoileduboutdumonde.com\/wp-content\/uploads\/2020\/06\/stagiaires-BPJEPS-2020.png 1280w\" sizes=\"auto, (max-width: 435px) 100vw, 435px\" \/><\/a><\/span><\/p>\n<p><span style=\"font-family: sev; font-size: 14pt;\">Depuis le 15 juin 2020, l&rsquo;\u00e9cole char \u00e0 voile du bout du monde accueille 6 stagiaires dans le cadre d&rsquo;une formation professionnelle.\u00a0<\/span><\/p>\n<h2><span style=\"font-family: sev; font-size: 36pt;\">Au programme, speed-sail, char \u00e0 cerf-volant, mais aussi mis en situations p\u00e9dagogiques<\/span><\/h2>\n<p><span style=\"font-family: sev; font-size: 14pt;\">Pour pr\u00e9parer les futurs \u00e9ducateurs sportifs \u00e0 la r\u00e9alit\u00e9 du m\u00e9tier, des mises en situation p\u00e9dagogiques sont n\u00e9cessaires. <\/span><\/p>\n<p><span style=\"font-family: sev; font-size: 14pt;\">Les stagiaires se pr\u00eatent \u00e0 divers sc\u00e9narios. Accident, personne en situation de handicap, etc&#8230;.autant d&rsquo;exemples qu&rsquo;ils rencontreront ensuite sur le terrain.<\/span><\/p>\n<p><span style=\"font-family: sev; font-size: 14pt;\">Environ 700 heures de formation sont \u00e0 valider pour l&rsquo;obtention du dipl\u00f4me d&rsquo;\u00c9tat (BPJEPS char \u00e0 voile).<\/span><\/p>\n<p><span style=\"font-family: sev; font-size: 14pt;\">L&rsquo;organisme <a href=\"http:\/\/www.nebformations.fr\/\">Nautisme En Bretagne Formations<\/a> est d\u00e9l\u00e9gataire de l&rsquo;\u00e9tat pour l&rsquo;organisation de la formation.<\/span><\/p>\n<p><span style=\"font-family: sev; font-size: 14pt;\">Les cours se d\u00e9roulent aux\u00a0<a href=\"https:\/\/www.camping-kervella.com\/238-nos-gites\">g\u00eetes Kervella<\/a> \u00e0 Plomodiern et les mises en situation\u00a0\u00e0 quelques centaines de m\u00e8tres de l\u00e0, plage de Lestrevet.<\/span><\/p>\n<p>&nbsp;<\/p>\n<h2><span style=\"font-family: sev;\">Des stagiaires de toute la France<\/span><\/h2>\n<p><span style=\"font-family: sev; font-size: 14pt;\">Les stagiaires, qui viennent d&rsquo;un peu partout en France, ont d\u00e9couvert \u00a0\u00bb LE SPOT\u00a0\u00bb pour la pratique du char \u00e0 voile, et comptent bien y revenir pendant l&rsquo;hiver prochain, afin de finaliser leur formation avec char \u00e0 voile du bout du monde.<\/span><\/p>\n<p>&nbsp;<\/p>","protected":false},"excerpt":{"rendered":"<p>La formation professionnelle, une des missions de l&rsquo;\u00e9cole de char \u00e0 voile du bout du monde\u00a0 Depuis le 15 juin 2020, l&rsquo;\u00e9cole char \u00e0 voile du bout du monde accueille 6 stagiaires dans le cadre d&rsquo;une formation professionnelle.\u00a0 Au programme, speed-sail, char \u00e0 cerf-volant, mais aussi mis en situations p\u00e9dagogiques Pour pr\u00e9parer les futurs \u00e9ducateurs [&hellip;]<\/p>","protected":false},"author":2,"featured_media":545,"comment_status":"closed","ping_status":"open","sticky":false,"template":"","format":"standard","meta":{"inline_featured_image":false,"footnotes":""},"categories":[1],"tags":[],"class_list":["post-544","post","type-post","status-publish","format-standard","has-post-thumbnail","hentry","category-non-classe"],"yoast_head":"<!-- This site is optimized with the Yoast SEO plugin v27.4 - https:\/\/yoast.com\/product\/yoast-seo-wordpress\/ -->\n<title>FORMATION PROFESSIONNELLE - Char \u00e0 Voile du Bout du Monde<\/title>\n<meta name=\"description\" content=\"Entr\u00e9e en formation pour les futurs moniteurs de char \u00e0 voile, qui ont 700heures de formation \u00e0 valider avant l&#039;obtention de leur dipl\u00f4me.\" \/>\n<meta name=\"robots\" content=\"index, follow, max-snippet:-1, max-image-preview:large, max-video-preview:-1\" \/>\n<link rel=\"canonical\" href=\"http:\/\/charavoileduboutdumonde.com\/en\/formation-professionnelle\/\" \/>\n<meta property=\"og:locale\" content=\"en_GB\" \/>\n<meta property=\"og:type\" content=\"article\" \/>\n<meta property=\"og:title\" content=\"FORMATION PROFESSIONNELLE - Char \u00e0 Voile du Bout du Monde\" \/>\n<meta property=\"og:description\" content=\"Entr\u00e9e en formation pour les futurs moniteurs de char \u00e0 voile, qui ont 700heures de formation \u00e0 valider avant l&#039;obtention de leur dipl\u00f4me.\" \/>\n<meta property=\"og:url\" content=\"http:\/\/charavoileduboutdumonde.com\/en\/formation-professionnelle\/\" \/>\n<meta property=\"og:site_name\" content=\"Char \u00e0 Voile du Bout du Monde\" \/>\n<meta property=\"article:publisher\" content=\"https:\/\/www.facebook.com\/charavoileduboutdumonde\/\" \/>\n<meta property=\"article:published_time\" content=\"2020-06-24T19:37:54+00:00\" \/>\n<meta property=\"article:modified_time\" content=\"2021-11-27T13:58:18+00:00\" \/>\n<meta property=\"og:image\" content=\"http:\/\/charavoileduboutdumonde.com\/wp-content\/uploads\/2020\/06\/Capture-d\u2019e\u0301cran-2020-06-24-a\u0300-21.25.41.png\" \/>\n\t<meta property=\"og:image:width\" content=\"640\" \/>\n\t<meta property=\"og:image:height\" content=\"425\" \/>\n\t<meta property=\"og:image:type\" content=\"image\/png\" \/>\n<meta name=\"author\" content=\"charavoileduboutdumonde\" \/>\n<meta name=\"twitter:card\" content=\"summary_large_image\" \/>\n<meta name=\"twitter:label1\" content=\"Written by\" \/>\n\t<meta name=\"twitter:data1\" content=\"charavoileduboutdumonde\" \/>\n\t<meta name=\"twitter:label2\" content=\"Estimated reading time\" \/>\n\t<meta name=\"twitter:data2\" content=\"1 minute\" \/>\n<script type=\"application\/ld+json\" class=\"yoast-schema-graph\">{\"@context\":\"https:\\\/\\\/schema.org\",\"@graph\":[{\"@type\":\"Article\",\"@id\":\"http:\\\/\\\/charavoileduboutdumonde.com\\\/formation-professionnelle\\\/#article\",\"isPartOf\":{\"@id\":\"http:\\\/\\\/charavoileduboutdumonde.com\\\/formation-professionnelle\\\/\"},\"author\":{\"name\":\"charavoileduboutdumonde\",\"@id\":\"https:\\\/\\\/charavoileduboutdumonde.com\\\/#\\\/schema\\\/person\\\/c5da156e5c5b12702aa2ca9946f7070b\"},\"headline\":\"FORMATION PROFESSIONNELLE\",\"datePublished\":\"2020-06-24T19:37:54+00:00\",\"dateModified\":\"2021-11-27T13:58:18+00:00\",\"mainEntityOfPage\":{\"@id\":\"http:\\\/\\\/charavoileduboutdumonde.com\\\/formation-professionnelle\\\/\"},\"wordCount\":200,\"publisher\":{\"@id\":\"https:\\\/\\\/charavoileduboutdumonde.com\\\/#organization\"},\"image\":{\"@id\":\"http:\\\/\\\/charavoileduboutdumonde.com\\\/formation-professionnelle\\\/#primaryimage\"},\"thumbnailUrl\":\"https:\\\/\\\/charavoileduboutdumonde.com\\\/wp-content\\\/uploads\\\/2020\\\/06\\\/Capture-d\u2019e\u0301cran-2020-06-24-a\u0300-21.25.41.png\",\"articleSection\":[\"Non class\u00e9\"],\"inLanguage\":\"en-GB\"},{\"@type\":\"WebPage\",\"@id\":\"http:\\\/\\\/charavoileduboutdumonde.com\\\/formation-professionnelle\\\/\",\"url\":\"http:\\\/\\\/charavoileduboutdumonde.com\\\/formation-professionnelle\\\/\",\"name\":\"FORMATION PROFESSIONNELLE - Char \u00e0 Voile du Bout du Monde\",\"isPartOf\":{\"@id\":\"https:\\\/\\\/charavoileduboutdumonde.com\\\/#website\"},\"primaryImageOfPage\":{\"@id\":\"http:\\\/\\\/charavoileduboutdumonde.com\\\/formation-professionnelle\\\/#primaryimage\"},\"image\":{\"@id\":\"http:\\\/\\\/charavoileduboutdumonde.com\\\/formation-professionnelle\\\/#primaryimage\"},\"thumbnailUrl\":\"https:\\\/\\\/charavoileduboutdumonde.com\\\/wp-content\\\/uploads\\\/2020\\\/06\\\/Capture-d\u2019e\u0301cran-2020-06-24-a\u0300-21.25.41.png\",\"datePublished\":\"2020-06-24T19:37:54+00:00\",\"dateModified\":\"2021-11-27T13:58:18+00:00\",\"description\":\"Entr\u00e9e en formation pour les futurs moniteurs de char \u00e0 voile, qui ont 700heures de formation \u00e0 valider avant l'obtention de leur dipl\u00f4me.\",\"breadcrumb\":{\"@id\":\"http:\\\/\\\/charavoileduboutdumonde.com\\\/formation-professionnelle\\\/#breadcrumb\"},\"inLanguage\":\"en-GB\",\"potentialAction\":[{\"@type\":\"ReadAction\",\"target\":[\"http:\\\/\\\/charavoileduboutdumonde.com\\\/formation-professionnelle\\\/\"]}]},{\"@type\":\"ImageObject\",\"inLanguage\":\"en-GB\",\"@id\":\"http:\\\/\\\/charavoileduboutdumonde.com\\\/formation-professionnelle\\\/#primaryimage\",\"url\":\"https:\\\/\\\/charavoileduboutdumonde.com\\\/wp-content\\\/uploads\\\/2020\\\/06\\\/Capture-d\u2019e\u0301cran-2020-06-24-a\u0300-21.25.41.png\",\"contentUrl\":\"https:\\\/\\\/charavoileduboutdumonde.com\\\/wp-content\\\/uploads\\\/2020\\\/06\\\/Capture-d\u2019e\u0301cran-2020-06-24-a\u0300-21.25.41.png\",\"width\":640,\"height\":425},{\"@type\":\"BreadcrumbList\",\"@id\":\"http:\\\/\\\/charavoileduboutdumonde.com\\\/formation-professionnelle\\\/#breadcrumb\",\"itemListElement\":[{\"@type\":\"ListItem\",\"position\":1,\"name\":\"Accueil\",\"item\":\"https:\\\/\\\/charavoileduboutdumonde.com\\\/\"},{\"@type\":\"ListItem\",\"position\":2,\"name\":\"FORMATION PROFESSIONNELLE\"}]},{\"@type\":\"WebSite\",\"@id\":\"https:\\\/\\\/charavoileduboutdumonde.com\\\/#website\",\"url\":\"https:\\\/\\\/charavoileduboutdumonde.com\\\/\",\"name\":\"Char \u00e0 Voile du Bout du Monde\",\"description\":\"Char \u00e0 Voile du Bout du Monde - Char \u00e0 voile de loisir en Finist\u00e8re, Bretagne\",\"publisher\":{\"@id\":\"https:\\\/\\\/charavoileduboutdumonde.com\\\/#organization\"},\"potentialAction\":[{\"@type\":\"SearchAction\",\"target\":{\"@type\":\"EntryPoint\",\"urlTemplate\":\"https:\\\/\\\/charavoileduboutdumonde.com\\\/?s={search_term_string}\"},\"query-input\":{\"@type\":\"PropertyValueSpecification\",\"valueRequired\":true,\"valueName\":\"search_term_string\"}}],\"inLanguage\":\"en-GB\"},{\"@type\":\"Organization\",\"@id\":\"https:\\\/\\\/charavoileduboutdumonde.com\\\/#organization\",\"name\":\"Char \u00e0 Voile du Bout du Monde\",\"url\":\"https:\\\/\\\/charavoileduboutdumonde.com\\\/\",\"logo\":{\"@type\":\"ImageObject\",\"inLanguage\":\"en-GB\",\"@id\":\"https:\\\/\\\/charavoileduboutdumonde.com\\\/#\\\/schema\\\/logo\\\/image\\\/\",\"url\":\"https:\\\/\\\/charavoileduboutdumonde.com\\\/wp-content\\\/uploads\\\/2020\\\/05\\\/logoheader.png\",\"contentUrl\":\"https:\\\/\\\/charavoileduboutdumonde.com\\\/wp-content\\\/uploads\\\/2020\\\/05\\\/logoheader.png\",\"width\":249,\"height\":80,\"caption\":\"Char \u00e0 Voile du Bout du Monde\"},\"image\":{\"@id\":\"https:\\\/\\\/charavoileduboutdumonde.com\\\/#\\\/schema\\\/logo\\\/image\\\/\"},\"sameAs\":[\"https:\\\/\\\/www.facebook.com\\\/charavoileduboutdumonde\\\/\",\"https:\\\/\\\/www.instagram.com\\\/charavoileduboutdumonde\\\/\",\"https:\\\/\\\/www.youtube.com\\\/channel\\\/UC6oaDP9kS6oN_ZL61EhoDKw\\\/\"]},{\"@type\":\"Person\",\"@id\":\"https:\\\/\\\/charavoileduboutdumonde.com\\\/#\\\/schema\\\/person\\\/c5da156e5c5b12702aa2ca9946f7070b\",\"name\":\"charavoileduboutdumonde\",\"image\":{\"@type\":\"ImageObject\",\"inLanguage\":\"en-GB\",\"@id\":\"https:\\\/\\\/secure.gravatar.com\\\/avatar\\\/a807324b782435e178784a9109d80676e752c91433474922b3bde72033075754?s=96&d=mm&r=g\",\"url\":\"https:\\\/\\\/secure.gravatar.com\\\/avatar\\\/a807324b782435e178784a9109d80676e752c91433474922b3bde72033075754?s=96&d=mm&r=g\",\"contentUrl\":\"https:\\\/\\\/secure.gravatar.com\\\/avatar\\\/a807324b782435e178784a9109d80676e752c91433474922b3bde72033075754?s=96&d=mm&r=g\",\"caption\":\"charavoileduboutdumonde\"},\"url\":\"https:\\\/\\\/charavoileduboutdumonde.com\\\/en\\\/author\\\/charavoileduboutdumonde\\\/\"}]}<\/script>\n<!-- \/ Yoast SEO plugin. -->","yoast_head_json":{"title":"FORMATION PROFESSIONNELLE - Char \u00e0 Voile du Bout du Monde","description":"Entr\u00e9e en formation pour les futurs moniteurs de char \u00e0 voile, qui ont 700heures de formation \u00e0 valider avant l'obtention de leur dipl\u00f4me.","robots":{"index":"index","follow":"follow","max-snippet":"max-snippet:-1","max-image-preview":"max-image-preview:large","max-video-preview":"max-video-preview:-1"},"canonical":"http:\/\/charavoileduboutdumonde.com\/en\/formation-professionnelle\/","og_locale":"en_GB","og_type":"article","og_title":"FORMATION PROFESSIONNELLE - Char \u00e0 Voile du Bout du Monde","og_description":"Entr\u00e9e en formation pour les futurs moniteurs de char \u00e0 voile, qui ont 700heures de formation \u00e0 valider avant l'obtention de leur dipl\u00f4me.","og_url":"http:\/\/charavoileduboutdumonde.com\/en\/formation-professionnelle\/","og_site_name":"Char \u00e0 Voile du Bout du Monde","article_publisher":"https:\/\/www.facebook.com\/charavoileduboutdumonde\/","article_published_time":"2020-06-24T19:37:54+00:00","article_modified_time":"2021-11-27T13:58:18+00:00","og_image":[{"width":640,"height":425,"url":"http:\/\/charavoileduboutdumonde.com\/wp-content\/uploads\/2020\/06\/Capture-d\u2019e\u0301cran-2020-06-24-a\u0300-21.25.41.png","type":"image\/png"}],"author":"charavoileduboutdumonde","twitter_card":"summary_large_image","twitter_misc":{"Written by":"charavoileduboutdumonde","Estimated reading time":"1 minute"},"schema":{"@context":"https:\/\/schema.org","@graph":[{"@type":"Article","@id":"http:\/\/charavoileduboutdumonde.com\/formation-professionnelle\/#article","isPartOf":{"@id":"http:\/\/charavoileduboutdumonde.com\/formation-professionnelle\/"},"author":{"name":"charavoileduboutdumonde","@id":"https:\/\/charavoileduboutdumonde.com\/#\/schema\/person\/c5da156e5c5b12702aa2ca9946f7070b"},"headline":"FORMATION PROFESSIONNELLE","datePublished":"2020-06-24T19:37:54+00:00","dateModified":"2021-11-27T13:58:18+00:00","mainEntityOfPage":{"@id":"http:\/\/charavoileduboutdumonde.com\/formation-professionnelle\/"},"wordCount":200,"publisher":{"@id":"https:\/\/charavoileduboutdumonde.com\/#organization"},"image":{"@id":"http:\/\/charavoileduboutdumonde.com\/formation-professionnelle\/#primaryimage"},"thumbnailUrl":"https:\/\/charavoileduboutdumonde.com\/wp-content\/uploads\/2020\/06\/Capture-d\u2019e\u0301cran-2020-06-24-a\u0300-21.25.41.png","articleSection":["Non class\u00e9"],"inLanguage":"en-GB"},{"@type":"WebPage","@id":"http:\/\/charavoileduboutdumonde.com\/formation-professionnelle\/","url":"http:\/\/charavoileduboutdumonde.com\/formation-professionnelle\/","name":"FORMATION PROFESSIONNELLE - Char \u00e0 Voile du Bout du Monde","isPartOf":{"@id":"https:\/\/charavoileduboutdumonde.com\/#website"},"primaryImageOfPage":{"@id":"http:\/\/charavoileduboutdumonde.com\/formation-professionnelle\/#primaryimage"},"image":{"@id":"http:\/\/charavoileduboutdumonde.com\/formation-professionnelle\/#primaryimage"},"thumbnailUrl":"https:\/\/charavoileduboutdumonde.com\/wp-content\/uploads\/2020\/06\/Capture-d\u2019e\u0301cran-2020-06-24-a\u0300-21.25.41.png","datePublished":"2020-06-24T19:37:54+00:00","dateModified":"2021-11-27T13:58:18+00:00","description":"Entr\u00e9e en formation pour les futurs moniteurs de char \u00e0 voile, qui ont 700heures de formation \u00e0 valider avant l'obtention de leur dipl\u00f4me.","breadcrumb":{"@id":"http:\/\/charavoileduboutdumonde.com\/formation-professionnelle\/#breadcrumb"},"inLanguage":"en-GB","potentialAction":[{"@type":"ReadAction","target":["http:\/\/charavoileduboutdumonde.com\/formation-professionnelle\/"]}]},{"@type":"ImageObject","inLanguage":"en-GB","@id":"http:\/\/charavoileduboutdumonde.com\/formation-professionnelle\/#primaryimage","url":"https:\/\/charavoileduboutdumonde.com\/wp-content\/uploads\/2020\/06\/Capture-d\u2019e\u0301cran-2020-06-24-a\u0300-21.25.41.png","contentUrl":"https:\/\/charavoileduboutdumonde.com\/wp-content\/uploads\/2020\/06\/Capture-d\u2019e\u0301cran-2020-06-24-a\u0300-21.25.41.png","width":640,"height":425},{"@type":"BreadcrumbList","@id":"http:\/\/charavoileduboutdumonde.com\/formation-professionnelle\/#breadcrumb","itemListElement":[{"@type":"ListItem","position":1,"name":"Accueil","item":"https:\/\/charavoileduboutdumonde.com\/"},{"@type":"ListItem","position":2,"name":"FORMATION PROFESSIONNELLE"}]},{"@type":"WebSite","@id":"https:\/\/charavoileduboutdumonde.com\/#website","url":"https:\/\/charavoileduboutdumonde.com\/","name":"Char \u00e0 Voile du Bout du Monde","description":"Char \u00e0 Voile du Bout du Monde - Char \u00e0 voile de loisir en Finist\u00e8re, Bretagne","publisher":{"@id":"https:\/\/charavoileduboutdumonde.com\/#organization"},"potentialAction":[{"@type":"SearchAction","target":{"@type":"EntryPoint","urlTemplate":"https:\/\/charavoileduboutdumonde.com\/?s={search_term_string}"},"query-input":{"@type":"PropertyValueSpecification","valueRequired":true,"valueName":"search_term_string"}}],"inLanguage":"en-GB"},{"@type":"Organization","@id":"https:\/\/charavoileduboutdumonde.com\/#organization","name":"Char \u00e0 Voile du Bout du Monde","url":"https:\/\/charavoileduboutdumonde.com\/","logo":{"@type":"ImageObject","inLanguage":"en-GB","@id":"https:\/\/charavoileduboutdumonde.com\/#\/schema\/logo\/image\/","url":"https:\/\/charavoileduboutdumonde.com\/wp-content\/uploads\/2020\/05\/logoheader.png","contentUrl":"https:\/\/charavoileduboutdumonde.com\/wp-content\/uploads\/2020\/05\/logoheader.png","width":249,"height":80,"caption":"Char \u00e0 Voile du Bout du Monde"},"image":{"@id":"https:\/\/charavoileduboutdumonde.com\/#\/schema\/logo\/image\/"},"sameAs":["https:\/\/www.facebook.com\/charavoileduboutdumonde\/","https:\/\/www.instagram.com\/charavoileduboutdumonde\/","https:\/\/www.youtube.com\/channel\/UC6oaDP9kS6oN_ZL61EhoDKw\/"]},{"@type":"Person","@id":"https:\/\/charavoileduboutdumonde.com\/#\/schema\/person\/c5da156e5c5b12702aa2ca9946f7070b","name":"charavoileduboutdumonde","image":{"@type":"ImageObject","inLanguage":"en-GB","@id":"https:\/\/secure.gravatar.com\/avatar\/a807324b782435e178784a9109d80676e752c91433474922b3bde72033075754?s=96&d=mm&r=g","url":"https:\/\/secure.gravatar.com\/avatar\/a807324b782435e178784a9109d80676e752c91433474922b3bde72033075754?s=96&d=mm&r=g","contentUrl":"https:\/\/secure.gravatar.com\/avatar\/a807324b782435e178784a9109d80676e752c91433474922b3bde72033075754?s=96&d=mm&r=g","caption":"charavoileduboutdumonde"},"url":"https:\/\/charavoileduboutdumonde.com\/en\/author\/charavoileduboutdumonde\/"}]}},"_links":{"self":[{"href":"https:\/\/charavoileduboutdumonde.com\/en\/wp-json\/wp\/v2\/posts\/544","targetHints":{"allow":["GET"]}}],"collection":[{"href":"https:\/\/charavoileduboutdumonde.com\/en\/wp-json\/wp\/v2\/posts"}],"about":[{"href":"https:\/\/charavoileduboutdumonde.com\/en\/wp-json\/wp\/v2\/types\/post"}],"author":[{"embeddable":true,"href":"https:\/\/charavoileduboutdumonde.com\/en\/wp-json\/wp\/v2\/users\/2"}],"replies":[{"embeddable":true,"href":"https:\/\/charavoileduboutdumonde.com\/en\/wp-json\/wp\/v2\/comments?post=544"}],"version-history":[{"count":10,"href":"https:\/\/charavoileduboutdumonde.com\/en\/wp-json\/wp\/v2\/posts\/544\/revisions"}],"predecessor-version":[{"id":1877,"href":"https:\/\/charavoileduboutdumonde.com\/en\/wp-json\/wp\/v2\/posts\/544\/revisions\/1877"}],"wp:featuredmedia":[{"embeddable":true,"href":"https:\/\/charavoileduboutdumonde.com\/en\/wp-json\/wp\/v2\/media\/545"}],"wp:attachment":[{"href":"https:\/\/charavoileduboutdumonde.com\/en\/wp-json\/wp\/v2\/media?parent=544"}],"wp:term":[{"taxonomy":"category","embeddable":true,"href":"https:\/\/charavoileduboutdumonde.com\/en\/wp-json\/wp\/v2\/categories?post=544"},{"taxonomy":"post_tag","embeddable":true,"href":"https:\/\/charavoileduboutdumonde.com\/en\/wp-json\/wp\/v2\/tags?post=544"}],"curies":[{"name":"wp","href":"https:\/\/api.w.org\/{rel}","templated":true}]}}