{"id":557,"date":"2020-06-28T22:21:28","date_gmt":"2020-06-28T20:21:28","guid":{"rendered":"http:\/\/charavoileduboutdumonde.com\/?p=557"},"modified":"2021-11-27T14:57:40","modified_gmt":"2021-11-27T13:57:40","slug":"stage-surf-char-a-voile","status":"publish","type":"post","link":"https:\/\/charavoileduboutdumonde.com\/en\/stage-surf-char-a-voile\/","title":{"rendered":"NOUVEAUT\u00c9 ! Stage surf\/char \u00e0 voile pendant les vacances d&rsquo;\u00e9t\u00e9"},"content":{"rendered":"<h2><span style=\"font-family: sev;\">Nouveaut\u00e9 2020 avec le stage Surf\/char \u00e0 voile au d\u00e9part de Brest<\/span><\/h2>\n<p><span style=\"font-family: sev; font-size: 14pt;\">Issu d&rsquo;une collaboration entre <a class=\"profileLink\" href=\"https:\/\/www.facebook.com\/brestbretagnenautisme\/?__tn__=K-R&amp;eid=ARCGPGX-tpb-p1TIm_VH_96SllPc24TuU8eufil47dcHda5MiET6iVIKk80qHXGB-aq8W5Mmoq19VurZ&amp;fref=mentions&amp;__xts__%5B0%5D=68.ARCeT71fj478Bw6SBdOriLuq2hxdlGumh1A6IYjPh_Z3YpBZD9kqGnZXxWM2C8jBF21f_YZy95gtSxnTqGY9txylGi5KV3VaHIOOV3v80CJx3XIBTGfo7iv5LlK3MFoE_xhYR_sECec4VBTs8UhAuBZ5mj1KSWFIaitlGLvUcwBeL5keW5sxj6jJkizAJUdsQH5UJFWqDfKHAxb9hSwcmnEyqFbN8YzIlEtX0qA0zfL3OlNFtTeaCVeCjjaRBYqOkVjT-XngP7TSlLCzjx5Wo_bpvC3qqa55A4U1PmYJ88tf2HdKxm1mTmWX_qdj5mnsST1-vHkp54FcYL6i1Ngw6j0\" data-hovercard=\"\/ajax\/hovercard\/page.php?id=618952121916113&amp;extragetparams=%7B%22__tn__%22%3A%22%2CdK-R-R%22%2C%22eid%22%3A%22ARCGPGX-tpb-p1TIm_VH_96SllPc24TuU8eufil47dcHda5MiET6iVIKk80qHXGB-aq8W5Mmoq19VurZ%22%2C%22fref%22%3A%22mentions%22%7D\" data-hovercard-prefer-more-content-show=\"1\">Brest Bretagne Nautisme<\/a>,\u00a0 <a class=\"profileLink\" href=\"https:\/\/www.facebook.com\/breizh.trip.surf.school\/?__tn__=K-R&amp;eid=ARCb2zKeLHeLu-IeX_XCE_V1xf0bE_kQwYXnpZYtZzZQt_AYAUAMP4gXqzlyhC-KvCrUExNem_BK83Hw&amp;fref=mentions&amp;__xts__%5B0%5D=68.ARCeT71fj478Bw6SBdOriLuq2hxdlGumh1A6IYjPh_Z3YpBZD9kqGnZXxWM2C8jBF21f_YZy95gtSxnTqGY9txylGi5KV3VaHIOOV3v80CJx3XIBTGfo7iv5LlK3MFoE_xhYR_sECec4VBTs8UhAuBZ5mj1KSWFIaitlGLvUcwBeL5keW5sxj6jJkizAJUdsQH5UJFWqDfKHAxb9hSwcmnEyqFbN8YzIlEtX0qA0zfL3OlNFtTeaCVeCjjaRBYqOkVjT-XngP7TSlLCzjx5Wo_bpvC3qqa55A4U1PmYJ88tf2HdKxm1mTmWX_qdj5mnsST1-vHkp54FcYL6i1Ngw6j0\" data-hovercard=\"\/ajax\/hovercard\/page.php?id=472267259771096&amp;extragetparams=%7B%22__tn__%22%3A%22%2CdK-R-R%22%2C%22eid%22%3A%22ARCb2zKeLHeLu-IeX_XCE_V1xf0bE_kQwYXnpZYtZzZQt_AYAUAMP4gXqzlyhC-KvCrUExNem_BK83Hw%22%2C%22fref%22%3A%22mentions%22%7D\" data-hovercard-prefer-more-content-show=\"1\">Breizh Trip Surf School<\/a> et <a class=\"profileLink\" href=\"https:\/\/www.facebook.com\/charavoileduboutdumonde\/?__tn__=K-R&amp;eid=ARDfSkWMcIy1zNYxXLeWY0KhWdZHzyH9lR7a5_U62nBpu3Y7wsKqqAECcA0hjsPTplnipFmJfgwewlfw&amp;fref=mentions&amp;__xts__%5B0%5D=68.ARCeT71fj478Bw6SBdOriLuq2hxdlGumh1A6IYjPh_Z3YpBZD9kqGnZXxWM2C8jBF21f_YZy95gtSxnTqGY9txylGi5KV3VaHIOOV3v80CJx3XIBTGfo7iv5LlK3MFoE_xhYR_sECec4VBTs8UhAuBZ5mj1KSWFIaitlGLvUcwBeL5keW5sxj6jJkizAJUdsQH5UJFWqDfKHAxb9hSwcmnEyqFbN8YzIlEtX0qA0zfL3OlNFtTeaCVeCjjaRBYqOkVjT-XngP7TSlLCzjx5Wo_bpvC3qqa55A4U1PmYJ88tf2HdKxm1mTmWX_qdj5mnsST1-vHkp54FcYL6i1Ngw6j0\" data-hovercard=\"\/ajax\/hovercard\/page.php?id=103969921076516&amp;extragetparams=%7B%22__tn__%22%3A%22%2CdK-R-R%22%2C%22eid%22%3A%22ARDfSkWMcIy1zNYxXLeWY0KhWdZHzyH9lR7a5_U62nBpu3Y7wsKqqAECcA0hjsPTplnipFmJfgwewlfw%22%2C%22fref%22%3A%22mentions%22%7D\" data-hovercard-prefer-more-content-show=\"1\">\"Char \u00e0 voile du bout du monde\"<\/a>, ce stage va permettre de faire d\u00e9couvrir ces deux activit\u00e9s sportives aux jeunes Brestois de 13 \u00e0 18 ans.<\/span><\/p>\n<h2><span style=\"font-family: sev;\">Deux sports compl\u00e9mentaires<\/span><\/h2>\n<p><span style=\"font-family: sev; font-size: 14pt;\">En effet, le char \u00e0 voile est un sport se pratiquant \u00e0 mar\u00e9e basse.<\/span><\/p>\n<p><span style=\"font-family: sev; font-size: 14pt;\">Le surf, quand \u00e0 lui, b\u00e9n\u00e9ficie de meilleures vagues \u00e0 mar\u00e9e haute, c&rsquo;est donc le combo id\u00e9al !<\/span><\/p>\n<p>&nbsp;<\/p>\n<p><span style=\"font-family: sev;\"><img loading=\"lazy\" decoding=\"async\" class=\"alignnone size-medium wp-image-558\" src=\"http:\/\/charavoileduboutdumonde.com\/wp-content\/uploads\/2020\/06\/104221617_889602584851064_8389166497692971051_n-300x251.jpg\" alt=\"\" width=\"300\" height=\"251\" srcset=\"https:\/\/charavoileduboutdumonde.com\/wp-content\/uploads\/2020\/06\/104221617_889602584851064_8389166497692971051_n-300x251.jpg 300w, https:\/\/charavoileduboutdumonde.com\/wp-content\/uploads\/2020\/06\/104221617_889602584851064_8389166497692971051_n-768x644.jpg 768w, https:\/\/charavoileduboutdumonde.com\/wp-content\/uploads\/2020\/06\/104221617_889602584851064_8389166497692971051_n.jpg 940w\" sizes=\"auto, (max-width: 300px) 100vw, 300px\" \/><\/span><\/p>\n<p>&nbsp;<\/p>\n<p><span style=\"font-family: sev; font-size: 14pt;\">N&rsquo;h\u00e9sitez pas \u00e0 visiter notre site web pour les inscriptions : <a href=\"http:\/\/brestbretagnenautisme.fr\">brestbretagnenautisme.fr <\/a><\/span><\/p>","protected":false},"excerpt":{"rendered":"<p>Nouveaut\u00e9 2020 avec le stage Surf\/char \u00e0 voile au d\u00e9part de Brest Issu d&rsquo;une collaboration entre Brest Bretagne Nautisme,\u00a0 Breizh Trip Surf School et Char \u00e0 voile du bout du monde, ce stage va permettre de faire d\u00e9couvrir ces deux activit\u00e9s sportives aux jeunes Brestois de 13 \u00e0 18 ans. Deux sports compl\u00e9mentaires En effet, [&hellip;]<\/p>","protected":false},"author":2,"featured_media":560,"comment_status":"closed","ping_status":"open","sticky":false,"template":"","format":"standard","meta":{"inline_featured_image":false,"footnotes":""},"categories":[1],"tags":[],"class_list":["post-557","post","type-post","status-publish","format-standard","has-post-thumbnail","hentry","category-non-classe"],"yoast_head":"<!-- This site is optimized with the Yoast SEO plugin v27.4 - https:\/\/yoast.com\/product\/yoast-seo-wordpress\/ -->\n<title>NOUVEAUT\u00c9 ! Stage surf\/char \u00e0 voile pendant les vacances d&#039;\u00e9t\u00e9<\/title>\n<meta name=\"description\" content=\"Le BBN, Breizh Trip Surf School et char \u00e0 voile du bout du monde vous propose ce stage pour les jeunes de 13\/18 durant le mois de juillet.\" \/>\n<meta name=\"robots\" content=\"index, follow, max-snippet:-1, max-image-preview:large, max-video-preview:-1\" \/>\n<link rel=\"canonical\" href=\"http:\/\/charavoileduboutdumonde.com\/en\/stage-surf-char-a-voile\/\" \/>\n<meta property=\"og:locale\" content=\"en_GB\" \/>\n<meta property=\"og:type\" content=\"article\" \/>\n<meta property=\"og:title\" content=\"NOUVEAUT\u00c9 ! Stage surf\/char \u00e0 voile pendant les vacances d&#039;\u00e9t\u00e9\" \/>\n<meta property=\"og:description\" content=\"Le BBN, Breizh Trip Surf School et char \u00e0 voile du bout du monde vous propose ce stage pour les jeunes de 13\/18 durant le mois de juillet.\" \/>\n<meta property=\"og:url\" content=\"http:\/\/charavoileduboutdumonde.com\/en\/stage-surf-char-a-voile\/\" \/>\n<meta property=\"og:site_name\" content=\"Char \u00e0 Voile du Bout du Monde\" \/>\n<meta property=\"article:publisher\" content=\"https:\/\/www.facebook.com\/charavoileduboutdumonde\/\" \/>\n<meta property=\"article:published_time\" content=\"2020-06-28T20:21:28+00:00\" \/>\n<meta property=\"article:modified_time\" content=\"2021-11-27T13:57:40+00:00\" \/>\n<meta property=\"og:image\" content=\"http:\/\/charavoileduboutdumonde.com\/wp-content\/uploads\/2020\/06\/103578250_889580781519911_2719073145278972801_n.jpg\" \/>\n\t<meta property=\"og:image:width\" content=\"940\" \/>\n\t<meta property=\"og:image:height\" content=\"788\" \/>\n\t<meta property=\"og:image:type\" content=\"image\/jpeg\" \/>\n<meta name=\"author\" content=\"charavoileduboutdumonde\" \/>\n<meta name=\"twitter:card\" content=\"summary_large_image\" \/>\n<meta name=\"twitter:label1\" content=\"Written by\" \/>\n\t<meta name=\"twitter:data1\" content=\"charavoileduboutdumonde\" \/>\n<script type=\"application\/ld+json\" class=\"yoast-schema-graph\">{\"@context\":\"https:\\\/\\\/schema.org\",\"@graph\":[{\"@type\":\"Article\",\"@id\":\"http:\\\/\\\/charavoileduboutdumonde.com\\\/stage-surf-char-a-voile\\\/#article\",\"isPartOf\":{\"@id\":\"http:\\\/\\\/charavoileduboutdumonde.com\\\/stage-surf-char-a-voile\\\/\"},\"author\":{\"name\":\"charavoileduboutdumonde\",\"@id\":\"https:\\\/\\\/charavoileduboutdumonde.com\\\/#\\\/schema\\\/person\\\/c5da156e5c5b12702aa2ca9946f7070b\"},\"headline\":\"NOUVEAUT\u00c9 ! Stage surf\\\/char \u00e0 voile pendant les vacances d&rsquo;\u00e9t\u00e9\",\"datePublished\":\"2020-06-28T20:21:28+00:00\",\"dateModified\":\"2021-11-27T13:57:40+00:00\",\"mainEntityOfPage\":{\"@id\":\"http:\\\/\\\/charavoileduboutdumonde.com\\\/stage-surf-char-a-voile\\\/\"},\"wordCount\":108,\"publisher\":{\"@id\":\"https:\\\/\\\/charavoileduboutdumonde.com\\\/#organization\"},\"image\":{\"@id\":\"http:\\\/\\\/charavoileduboutdumonde.com\\\/stage-surf-char-a-voile\\\/#primaryimage\"},\"thumbnailUrl\":\"https:\\\/\\\/charavoileduboutdumonde.com\\\/wp-content\\\/uploads\\\/2020\\\/06\\\/103578250_889580781519911_2719073145278972801_n.jpg\",\"articleSection\":[\"Non class\u00e9\"],\"inLanguage\":\"en-GB\"},{\"@type\":\"WebPage\",\"@id\":\"http:\\\/\\\/charavoileduboutdumonde.com\\\/stage-surf-char-a-voile\\\/\",\"url\":\"http:\\\/\\\/charavoileduboutdumonde.com\\\/stage-surf-char-a-voile\\\/\",\"name\":\"NOUVEAUT\u00c9 ! Stage surf\\\/char \u00e0 voile pendant les vacances d'\u00e9t\u00e9\",\"isPartOf\":{\"@id\":\"https:\\\/\\\/charavoileduboutdumonde.com\\\/#website\"},\"primaryImageOfPage\":{\"@id\":\"http:\\\/\\\/charavoileduboutdumonde.com\\\/stage-surf-char-a-voile\\\/#primaryimage\"},\"image\":{\"@id\":\"http:\\\/\\\/charavoileduboutdumonde.com\\\/stage-surf-char-a-voile\\\/#primaryimage\"},\"thumbnailUrl\":\"https:\\\/\\\/charavoileduboutdumonde.com\\\/wp-content\\\/uploads\\\/2020\\\/06\\\/103578250_889580781519911_2719073145278972801_n.jpg\",\"datePublished\":\"2020-06-28T20:21:28+00:00\",\"dateModified\":\"2021-11-27T13:57:40+00:00\",\"description\":\"Le BBN, Breizh Trip Surf School et char \u00e0 voile du bout du monde vous propose ce stage pour les jeunes de 13\\\/18 durant le mois de juillet.\",\"breadcrumb\":{\"@id\":\"http:\\\/\\\/charavoileduboutdumonde.com\\\/stage-surf-char-a-voile\\\/#breadcrumb\"},\"inLanguage\":\"en-GB\",\"potentialAction\":[{\"@type\":\"ReadAction\",\"target\":[\"http:\\\/\\\/charavoileduboutdumonde.com\\\/stage-surf-char-a-voile\\\/\"]}]},{\"@type\":\"ImageObject\",\"inLanguage\":\"en-GB\",\"@id\":\"http:\\\/\\\/charavoileduboutdumonde.com\\\/stage-surf-char-a-voile\\\/#primaryimage\",\"url\":\"https:\\\/\\\/charavoileduboutdumonde.com\\\/wp-content\\\/uploads\\\/2020\\\/06\\\/103578250_889580781519911_2719073145278972801_n.jpg\",\"contentUrl\":\"https:\\\/\\\/charavoileduboutdumonde.com\\\/wp-content\\\/uploads\\\/2020\\\/06\\\/103578250_889580781519911_2719073145278972801_n.jpg\",\"width\":940,\"height\":788},{\"@type\":\"BreadcrumbList\",\"@id\":\"http:\\\/\\\/charavoileduboutdumonde.com\\\/stage-surf-char-a-voile\\\/#breadcrumb\",\"itemListElement\":[{\"@type\":\"ListItem\",\"position\":1,\"name\":\"Accueil\",\"item\":\"https:\\\/\\\/charavoileduboutdumonde.com\\\/\"},{\"@type\":\"ListItem\",\"position\":2,\"name\":\"NOUVEAUT\u00c9 ! Stage surf\\\/char \u00e0 voile pendant les vacances d&#8217;\u00e9t\u00e9\"}]},{\"@type\":\"WebSite\",\"@id\":\"https:\\\/\\\/charavoileduboutdumonde.com\\\/#website\",\"url\":\"https:\\\/\\\/charavoileduboutdumonde.com\\\/\",\"name\":\"Char \u00e0 Voile du Bout du Monde\",\"description\":\"Char \u00e0 Voile du Bout du Monde - Char \u00e0 voile de loisir en Finist\u00e8re, Bretagne\",\"publisher\":{\"@id\":\"https:\\\/\\\/charavoileduboutdumonde.com\\\/#organization\"},\"potentialAction\":[{\"@type\":\"SearchAction\",\"target\":{\"@type\":\"EntryPoint\",\"urlTemplate\":\"https:\\\/\\\/charavoileduboutdumonde.com\\\/?s={search_term_string}\"},\"query-input\":{\"@type\":\"PropertyValueSpecification\",\"valueRequired\":true,\"valueName\":\"search_term_string\"}}],\"inLanguage\":\"en-GB\"},{\"@type\":\"Organization\",\"@id\":\"https:\\\/\\\/charavoileduboutdumonde.com\\\/#organization\",\"name\":\"Char \u00e0 Voile du Bout du Monde\",\"url\":\"https:\\\/\\\/charavoileduboutdumonde.com\\\/\",\"logo\":{\"@type\":\"ImageObject\",\"inLanguage\":\"en-GB\",\"@id\":\"https:\\\/\\\/charavoileduboutdumonde.com\\\/#\\\/schema\\\/logo\\\/image\\\/\",\"url\":\"https:\\\/\\\/charavoileduboutdumonde.com\\\/wp-content\\\/uploads\\\/2020\\\/05\\\/logoheader.png\",\"contentUrl\":\"https:\\\/\\\/charavoileduboutdumonde.com\\\/wp-content\\\/uploads\\\/2020\\\/05\\\/logoheader.png\",\"width\":249,\"height\":80,\"caption\":\"Char \u00e0 Voile du Bout du Monde\"},\"image\":{\"@id\":\"https:\\\/\\\/charavoileduboutdumonde.com\\\/#\\\/schema\\\/logo\\\/image\\\/\"},\"sameAs\":[\"https:\\\/\\\/www.facebook.com\\\/charavoileduboutdumonde\\\/\",\"https:\\\/\\\/www.instagram.com\\\/charavoileduboutdumonde\\\/\",\"https:\\\/\\\/www.youtube.com\\\/channel\\\/UC6oaDP9kS6oN_ZL61EhoDKw\\\/\"]},{\"@type\":\"Person\",\"@id\":\"https:\\\/\\\/charavoileduboutdumonde.com\\\/#\\\/schema\\\/person\\\/c5da156e5c5b12702aa2ca9946f7070b\",\"name\":\"charavoileduboutdumonde\",\"image\":{\"@type\":\"ImageObject\",\"inLanguage\":\"en-GB\",\"@id\":\"https:\\\/\\\/secure.gravatar.com\\\/avatar\\\/a807324b782435e178784a9109d80676e752c91433474922b3bde72033075754?s=96&d=mm&r=g\",\"url\":\"https:\\\/\\\/secure.gravatar.com\\\/avatar\\\/a807324b782435e178784a9109d80676e752c91433474922b3bde72033075754?s=96&d=mm&r=g\",\"contentUrl\":\"https:\\\/\\\/secure.gravatar.com\\\/avatar\\\/a807324b782435e178784a9109d80676e752c91433474922b3bde72033075754?s=96&d=mm&r=g\",\"caption\":\"charavoileduboutdumonde\"},\"url\":\"https:\\\/\\\/charavoileduboutdumonde.com\\\/en\\\/author\\\/charavoileduboutdumonde\\\/\"}]}<\/script>\n<!-- \/ Yoast SEO plugin. -->","yoast_head_json":{"title":"NOUVEAUT\u00c9 ! Stage surf\/char \u00e0 voile pendant les vacances d'\u00e9t\u00e9","description":"Le BBN, Breizh Trip Surf School et char \u00e0 voile du bout du monde vous propose ce stage pour les jeunes de 13\/18 durant le mois de juillet.","robots":{"index":"index","follow":"follow","max-snippet":"max-snippet:-1","max-image-preview":"max-image-preview:large","max-video-preview":"max-video-preview:-1"},"canonical":"http:\/\/charavoileduboutdumonde.com\/en\/stage-surf-char-a-voile\/","og_locale":"en_GB","og_type":"article","og_title":"NOUVEAUT\u00c9 ! Stage surf\/char \u00e0 voile pendant les vacances d'\u00e9t\u00e9","og_description":"Le BBN, Breizh Trip Surf School et char \u00e0 voile du bout du monde vous propose ce stage pour les jeunes de 13\/18 durant le mois de juillet.","og_url":"http:\/\/charavoileduboutdumonde.com\/en\/stage-surf-char-a-voile\/","og_site_name":"Char \u00e0 Voile du Bout du Monde","article_publisher":"https:\/\/www.facebook.com\/charavoileduboutdumonde\/","article_published_time":"2020-06-28T20:21:28+00:00","article_modified_time":"2021-11-27T13:57:40+00:00","og_image":[{"width":940,"height":788,"url":"http:\/\/charavoileduboutdumonde.com\/wp-content\/uploads\/2020\/06\/103578250_889580781519911_2719073145278972801_n.jpg","type":"image\/jpeg"}],"author":"charavoileduboutdumonde","twitter_card":"summary_large_image","twitter_misc":{"Written by":"charavoileduboutdumonde"},"schema":{"@context":"https:\/\/schema.org","@graph":[{"@type":"Article","@id":"http:\/\/charavoileduboutdumonde.com\/stage-surf-char-a-voile\/#article","isPartOf":{"@id":"http:\/\/charavoileduboutdumonde.com\/stage-surf-char-a-voile\/"},"author":{"name":"charavoileduboutdumonde","@id":"https:\/\/charavoileduboutdumonde.com\/#\/schema\/person\/c5da156e5c5b12702aa2ca9946f7070b"},"headline":"NOUVEAUT\u00c9 ! Stage surf\/char \u00e0 voile pendant les vacances d&rsquo;\u00e9t\u00e9","datePublished":"2020-06-28T20:21:28+00:00","dateModified":"2021-11-27T13:57:40+00:00","mainEntityOfPage":{"@id":"http:\/\/charavoileduboutdumonde.com\/stage-surf-char-a-voile\/"},"wordCount":108,"publisher":{"@id":"https:\/\/charavoileduboutdumonde.com\/#organization"},"image":{"@id":"http:\/\/charavoileduboutdumonde.com\/stage-surf-char-a-voile\/#primaryimage"},"thumbnailUrl":"https:\/\/charavoileduboutdumonde.com\/wp-content\/uploads\/2020\/06\/103578250_889580781519911_2719073145278972801_n.jpg","articleSection":["Non class\u00e9"],"inLanguage":"en-GB"},{"@type":"WebPage","@id":"http:\/\/charavoileduboutdumonde.com\/stage-surf-char-a-voile\/","url":"http:\/\/charavoileduboutdumonde.com\/stage-surf-char-a-voile\/","name":"NOUVEAUT\u00c9 ! Stage surf\/char \u00e0 voile pendant les vacances d'\u00e9t\u00e9","isPartOf":{"@id":"https:\/\/charavoileduboutdumonde.com\/#website"},"primaryImageOfPage":{"@id":"http:\/\/charavoileduboutdumonde.com\/stage-surf-char-a-voile\/#primaryimage"},"image":{"@id":"http:\/\/charavoileduboutdumonde.com\/stage-surf-char-a-voile\/#primaryimage"},"thumbnailUrl":"https:\/\/charavoileduboutdumonde.com\/wp-content\/uploads\/2020\/06\/103578250_889580781519911_2719073145278972801_n.jpg","datePublished":"2020-06-28T20:21:28+00:00","dateModified":"2021-11-27T13:57:40+00:00","description":"Le BBN, Breizh Trip Surf School et char \u00e0 voile du bout du monde vous propose ce stage pour les jeunes de 13\/18 durant le mois de juillet.","breadcrumb":{"@id":"http:\/\/charavoileduboutdumonde.com\/stage-surf-char-a-voile\/#breadcrumb"},"inLanguage":"en-GB","potentialAction":[{"@type":"ReadAction","target":["http:\/\/charavoileduboutdumonde.com\/stage-surf-char-a-voile\/"]}]},{"@type":"ImageObject","inLanguage":"en-GB","@id":"http:\/\/charavoileduboutdumonde.com\/stage-surf-char-a-voile\/#primaryimage","url":"https:\/\/charavoileduboutdumonde.com\/wp-content\/uploads\/2020\/06\/103578250_889580781519911_2719073145278972801_n.jpg","contentUrl":"https:\/\/charavoileduboutdumonde.com\/wp-content\/uploads\/2020\/06\/103578250_889580781519911_2719073145278972801_n.jpg","width":940,"height":788},{"@type":"BreadcrumbList","@id":"http:\/\/charavoileduboutdumonde.com\/stage-surf-char-a-voile\/#breadcrumb","itemListElement":[{"@type":"ListItem","position":1,"name":"Accueil","item":"https:\/\/charavoileduboutdumonde.com\/"},{"@type":"ListItem","position":2,"name":"NOUVEAUT\u00c9 ! Stage surf\/char \u00e0 voile pendant les vacances d&#8217;\u00e9t\u00e9"}]},{"@type":"WebSite","@id":"https:\/\/charavoileduboutdumonde.com\/#website","url":"https:\/\/charavoileduboutdumonde.com\/","name":"Char \u00e0 Voile du Bout du Monde","description":"Char \u00e0 Voile du Bout du Monde - Char \u00e0 voile de loisir en Finist\u00e8re, Bretagne","publisher":{"@id":"https:\/\/charavoileduboutdumonde.com\/#organization"},"potentialAction":[{"@type":"SearchAction","target":{"@type":"EntryPoint","urlTemplate":"https:\/\/charavoileduboutdumonde.com\/?s={search_term_string}"},"query-input":{"@type":"PropertyValueSpecification","valueRequired":true,"valueName":"search_term_string"}}],"inLanguage":"en-GB"},{"@type":"Organization","@id":"https:\/\/charavoileduboutdumonde.com\/#organization","name":"Char \u00e0 Voile du Bout du Monde","url":"https:\/\/charavoileduboutdumonde.com\/","logo":{"@type":"ImageObject","inLanguage":"en-GB","@id":"https:\/\/charavoileduboutdumonde.com\/#\/schema\/logo\/image\/","url":"https:\/\/charavoileduboutdumonde.com\/wp-content\/uploads\/2020\/05\/logoheader.png","contentUrl":"https:\/\/charavoileduboutdumonde.com\/wp-content\/uploads\/2020\/05\/logoheader.png","width":249,"height":80,"caption":"Char \u00e0 Voile du Bout du Monde"},"image":{"@id":"https:\/\/charavoileduboutdumonde.com\/#\/schema\/logo\/image\/"},"sameAs":["https:\/\/www.facebook.com\/charavoileduboutdumonde\/","https:\/\/www.instagram.com\/charavoileduboutdumonde\/","https:\/\/www.youtube.com\/channel\/UC6oaDP9kS6oN_ZL61EhoDKw\/"]},{"@type":"Person","@id":"https:\/\/charavoileduboutdumonde.com\/#\/schema\/person\/c5da156e5c5b12702aa2ca9946f7070b","name":"charavoileduboutdumonde","image":{"@type":"ImageObject","inLanguage":"en-GB","@id":"https:\/\/secure.gravatar.com\/avatar\/a807324b782435e178784a9109d80676e752c91433474922b3bde72033075754?s=96&d=mm&r=g","url":"https:\/\/secure.gravatar.com\/avatar\/a807324b782435e178784a9109d80676e752c91433474922b3bde72033075754?s=96&d=mm&r=g","contentUrl":"https:\/\/secure.gravatar.com\/avatar\/a807324b782435e178784a9109d80676e752c91433474922b3bde72033075754?s=96&d=mm&r=g","caption":"charavoileduboutdumonde"},"url":"https:\/\/charavoileduboutdumonde.com\/en\/author\/charavoileduboutdumonde\/"}]}},"_links":{"self":[{"href":"https:\/\/charavoileduboutdumonde.com\/en\/wp-json\/wp\/v2\/posts\/557","targetHints":{"allow":["GET"]}}],"collection":[{"href":"https:\/\/charavoileduboutdumonde.com\/en\/wp-json\/wp\/v2\/posts"}],"about":[{"href":"https:\/\/charavoileduboutdumonde.com\/en\/wp-json\/wp\/v2\/types\/post"}],"author":[{"embeddable":true,"href":"https:\/\/charavoileduboutdumonde.com\/en\/wp-json\/wp\/v2\/users\/2"}],"replies":[{"embeddable":true,"href":"https:\/\/charavoileduboutdumonde.com\/en\/wp-json\/wp\/v2\/comments?post=557"}],"version-history":[{"count":6,"href":"https:\/\/charavoileduboutdumonde.com\/en\/wp-json\/wp\/v2\/posts\/557\/revisions"}],"predecessor-version":[{"id":1876,"href":"https:\/\/charavoileduboutdumonde.com\/en\/wp-json\/wp\/v2\/posts\/557\/revisions\/1876"}],"wp:featuredmedia":[{"embeddable":true,"href":"https:\/\/charavoileduboutdumonde.com\/en\/wp-json\/wp\/v2\/media\/560"}],"wp:attachment":[{"href":"https:\/\/charavoileduboutdumonde.com\/en\/wp-json\/wp\/v2\/media?parent=557"}],"wp:term":[{"taxonomy":"category","embeddable":true,"href":"https:\/\/charavoileduboutdumonde.com\/en\/wp-json\/wp\/v2\/categories?post=557"},{"taxonomy":"post_tag","embeddable":true,"href":"https:\/\/charavoileduboutdumonde.com\/en\/wp-json\/wp\/v2\/tags?post=557"}],"curies":[{"name":"wp","href":"https:\/\/api.w.org\/{rel}","templated":true}]}}