{"id":592,"date":"2020-08-27T08:09:33","date_gmt":"2020-08-27T06:09:33","guid":{"rendered":"http:\/\/charavoileduboutdumonde.com\/?p=592"},"modified":"2021-11-27T14:54:35","modified_gmt":"2021-11-27T13:54:35","slug":"kart-a-voile-fete-de-la-mer-brest","status":"publish","type":"post","link":"https:\/\/charavoileduboutdumonde.com\/en\/kart-a-voile-fete-de-la-mer-brest\/","title":{"rendered":"KART A VOILE &#8211; f\u00eate de la mer &#8211; Brest"},"content":{"rendered":"<h2><span style=\"font-family: sev;\">Le char \u00e0 voile urbain ou encore \u00ab\u00a0kart \u00e0 voile\u00a0\u00bb, c&rsquo;est possible avec char \u00e0 voile du bout du monde !\u00a0<\/span><\/h2>\n<p><span style=\"font-family: sev; font-size: 14pt;\">Initialement pr\u00e9vu en mai, la f\u00eate de la mer de Brest se tient cette ann\u00e9e le samedi 29 et dimanche 30 ao\u00fbt 2020. Rendez vous au centre nautique, au port de Plaisance du Moulin Blanc.<\/span><\/p>\n<h2><span style=\"font-family: sev;\">Un large panel d&rsquo;activit\u00e9s propos\u00e9s<\/span><\/h2>\n<p><span style=\"font-family: sev; font-size: 14pt;\">L\u2019ensemble des activit\u00e9s de cette f\u00eate de la mer de Brest sont gratuites et ouvertes \u00e0 tous. L\u2019inscription se fait directement sur place. Embarqu\u00e9 \u00e0 bord d&rsquo;un vieux gr\u00e9ement, parcourir la rade de Brest en kayak, ou encore s&rsquo;essayer au stand up paddle, tout est possible.<\/span><\/p>\n<h2><span style=\"font-family: sev;\">La seule \u00e9cole de kart \u00e0 voile itin\u00e9rante en Finist\u00e8re<\/span><\/h2>\n<p><span style=\"font-family: sev; font-size: 14pt;\">Partenaire de l&rsquo;\u00e9v\u00e9nement, Char \u00e0 voile du bout du monde proposera des initiations au char \u00e0 voile urbain, sur le parking d\u2019 Oc\u00e9anopolis.<\/span><\/p>\n<p><span style=\"font-family: sev; font-size: 14pt;\">A partir de 12 ans, vous pouvez venir d\u00e9couvrir cette toute nouvelle activit\u00e9.<\/span><\/p>\n<p><span style=\"font-family: sev; font-size: 14pt;\">Venez donc vous initier au kart \u00e0 voile ce week-end \u00e0 Brest !<\/span><\/p>\n<p><span style=\"font-family: sev;\"><a href=\"http:\/\/charavoileduboutdumonde.com\/en\/sailride-seagull\/\"><img loading=\"lazy\" decoding=\"async\" class=\"alignnone wp-image-697\" src=\"http:\/\/charavoileduboutdumonde.com\/wp-content\/uploads\/2020\/12\/Sailride-seagull-300x205.png\" alt=\"char-a-pedales-seagull\" width=\"442\" height=\"302\" srcset=\"https:\/\/charavoileduboutdumonde.com\/wp-content\/uploads\/2020\/12\/Sailride-seagull-300x205.png 300w, https:\/\/charavoileduboutdumonde.com\/wp-content\/uploads\/2020\/12\/Sailride-seagull-768x525.png 768w, https:\/\/charavoileduboutdumonde.com\/wp-content\/uploads\/2020\/12\/Sailride-seagull.png 914w\" sizes=\"auto, (max-width: 442px) 100vw, 442px\" \/><\/a><\/span><\/p>\n<p><span style=\"font-family: sev; font-size: 14pt;\">De 14H \u00e0 18H, samedi et dimanche, port du moulin blanc.<\/span><\/p>\n<p>&nbsp;<\/p>","protected":false},"excerpt":{"rendered":"<p>Le char \u00e0 voile urbain ou encore \u00ab\u00a0kart \u00e0 voile\u00a0\u00bb, c&rsquo;est possible avec char \u00e0 voile du bout du monde !\u00a0 Initialement pr\u00e9vu en mai, la f\u00eate de la mer de Brest se tient cette ann\u00e9e le samedi 29 et dimanche 30 ao\u00fbt 2020. Rendez vous au centre nautique, au port de Plaisance du Moulin [&hellip;]<\/p>","protected":false},"author":2,"featured_media":697,"comment_status":"closed","ping_status":"open","sticky":false,"template":"","format":"standard","meta":{"inline_featured_image":false,"footnotes":""},"categories":[1],"tags":[],"class_list":["post-592","post","type-post","status-publish","format-standard","has-post-thumbnail","hentry","category-non-classe"],"yoast_head":"<!-- This site is optimized with the Yoast SEO plugin v27.4 - https:\/\/yoast.com\/product\/yoast-seo-wordpress\/ -->\n<title>KART A VOILE - f\u00eate de la mer - Brest - Char \u00e0 Voile du Bout du Monde<\/title>\n<meta name=\"description\" content=\"D\u00e9couvrez le kart \u00e0 voile sur le port de Brest avec l&#039;\u00e9cole de char \u00e0 voile du bout du monde, dans le cadre de la f\u00eate de la mer 2020\" \/>\n<meta name=\"robots\" content=\"index, follow, max-snippet:-1, max-image-preview:large, max-video-preview:-1\" \/>\n<link rel=\"canonical\" href=\"http:\/\/charavoileduboutdumonde.com\/en\/kart-a-voile-fete-de-la-mer-brest\/\" \/>\n<meta property=\"og:locale\" content=\"en_GB\" \/>\n<meta property=\"og:type\" content=\"article\" \/>\n<meta property=\"og:title\" content=\"KART A VOILE - f\u00eate de la mer - Brest - Char \u00e0 Voile du Bout du Monde\" \/>\n<meta property=\"og:description\" content=\"D\u00e9couvrez le kart \u00e0 voile sur le port de Brest avec l&#039;\u00e9cole de char \u00e0 voile du bout du monde, dans le cadre de la f\u00eate de la mer 2020\" \/>\n<meta property=\"og:url\" content=\"http:\/\/charavoileduboutdumonde.com\/en\/kart-a-voile-fete-de-la-mer-brest\/\" \/>\n<meta property=\"og:site_name\" content=\"Char \u00e0 Voile du Bout du Monde\" \/>\n<meta property=\"article:publisher\" content=\"https:\/\/www.facebook.com\/charavoileduboutdumonde\/\" \/>\n<meta property=\"article:published_time\" content=\"2020-08-27T06:09:33+00:00\" \/>\n<meta property=\"article:modified_time\" content=\"2021-11-27T13:54:35+00:00\" \/>\n<meta property=\"og:image\" content=\"http:\/\/charavoileduboutdumonde.com\/wp-content\/uploads\/2020\/12\/Sailride-seagull.png\" \/>\n\t<meta property=\"og:image:width\" content=\"914\" \/>\n\t<meta property=\"og:image:height\" content=\"625\" \/>\n\t<meta property=\"og:image:type\" content=\"image\/png\" \/>\n<meta name=\"author\" content=\"charavoileduboutdumonde\" \/>\n<meta name=\"twitter:card\" content=\"summary_large_image\" \/>\n<meta name=\"twitter:label1\" content=\"Written by\" \/>\n\t<meta name=\"twitter:data1\" content=\"charavoileduboutdumonde\" \/>\n\t<meta name=\"twitter:label2\" content=\"Estimated reading time\" \/>\n\t<meta name=\"twitter:data2\" content=\"1 minute\" \/>\n<script type=\"application\/ld+json\" class=\"yoast-schema-graph\">{\"@context\":\"https:\\\/\\\/schema.org\",\"@graph\":[{\"@type\":\"Article\",\"@id\":\"http:\\\/\\\/charavoileduboutdumonde.com\\\/kart-a-voile-fete-de-la-mer-brest\\\/#article\",\"isPartOf\":{\"@id\":\"http:\\\/\\\/charavoileduboutdumonde.com\\\/kart-a-voile-fete-de-la-mer-brest\\\/\"},\"author\":{\"name\":\"charavoileduboutdumonde\",\"@id\":\"https:\\\/\\\/charavoileduboutdumonde.com\\\/#\\\/schema\\\/person\\\/c5da156e5c5b12702aa2ca9946f7070b\"},\"headline\":\"KART A VOILE &#8211; f\u00eate de la mer &#8211; Brest\",\"datePublished\":\"2020-08-27T06:09:33+00:00\",\"dateModified\":\"2021-11-27T13:54:35+00:00\",\"mainEntityOfPage\":{\"@id\":\"http:\\\/\\\/charavoileduboutdumonde.com\\\/kart-a-voile-fete-de-la-mer-brest\\\/\"},\"wordCount\":189,\"publisher\":{\"@id\":\"https:\\\/\\\/charavoileduboutdumonde.com\\\/#organization\"},\"image\":{\"@id\":\"http:\\\/\\\/charavoileduboutdumonde.com\\\/kart-a-voile-fete-de-la-mer-brest\\\/#primaryimage\"},\"thumbnailUrl\":\"https:\\\/\\\/charavoileduboutdumonde.com\\\/wp-content\\\/uploads\\\/2020\\\/12\\\/Sailride-seagull.png\",\"articleSection\":[\"Non class\u00e9\"],\"inLanguage\":\"en-GB\"},{\"@type\":\"WebPage\",\"@id\":\"http:\\\/\\\/charavoileduboutdumonde.com\\\/kart-a-voile-fete-de-la-mer-brest\\\/\",\"url\":\"http:\\\/\\\/charavoileduboutdumonde.com\\\/kart-a-voile-fete-de-la-mer-brest\\\/\",\"name\":\"KART A VOILE - f\u00eate de la mer - Brest - Char \u00e0 Voile du Bout du Monde\",\"isPartOf\":{\"@id\":\"https:\\\/\\\/charavoileduboutdumonde.com\\\/#website\"},\"primaryImageOfPage\":{\"@id\":\"http:\\\/\\\/charavoileduboutdumonde.com\\\/kart-a-voile-fete-de-la-mer-brest\\\/#primaryimage\"},\"image\":{\"@id\":\"http:\\\/\\\/charavoileduboutdumonde.com\\\/kart-a-voile-fete-de-la-mer-brest\\\/#primaryimage\"},\"thumbnailUrl\":\"https:\\\/\\\/charavoileduboutdumonde.com\\\/wp-content\\\/uploads\\\/2020\\\/12\\\/Sailride-seagull.png\",\"datePublished\":\"2020-08-27T06:09:33+00:00\",\"dateModified\":\"2021-11-27T13:54:35+00:00\",\"description\":\"D\u00e9couvrez le kart \u00e0 voile sur le port de Brest avec l'\u00e9cole de char \u00e0 voile du bout du monde, dans le cadre de la f\u00eate de la mer 2020\",\"breadcrumb\":{\"@id\":\"http:\\\/\\\/charavoileduboutdumonde.com\\\/kart-a-voile-fete-de-la-mer-brest\\\/#breadcrumb\"},\"inLanguage\":\"en-GB\",\"potentialAction\":[{\"@type\":\"ReadAction\",\"target\":[\"http:\\\/\\\/charavoileduboutdumonde.com\\\/kart-a-voile-fete-de-la-mer-brest\\\/\"]}]},{\"@type\":\"ImageObject\",\"inLanguage\":\"en-GB\",\"@id\":\"http:\\\/\\\/charavoileduboutdumonde.com\\\/kart-a-voile-fete-de-la-mer-brest\\\/#primaryimage\",\"url\":\"https:\\\/\\\/charavoileduboutdumonde.com\\\/wp-content\\\/uploads\\\/2020\\\/12\\\/Sailride-seagull.png\",\"contentUrl\":\"https:\\\/\\\/charavoileduboutdumonde.com\\\/wp-content\\\/uploads\\\/2020\\\/12\\\/Sailride-seagull.png\",\"width\":914,\"height\":625,\"caption\":\"char-a-pedales-seagull\"},{\"@type\":\"BreadcrumbList\",\"@id\":\"http:\\\/\\\/charavoileduboutdumonde.com\\\/kart-a-voile-fete-de-la-mer-brest\\\/#breadcrumb\",\"itemListElement\":[{\"@type\":\"ListItem\",\"position\":1,\"name\":\"Accueil\",\"item\":\"https:\\\/\\\/charavoileduboutdumonde.com\\\/\"},{\"@type\":\"ListItem\",\"position\":2,\"name\":\"KART A VOILE &#8211; f\u00eate de la mer &#8211; Brest\"}]},{\"@type\":\"WebSite\",\"@id\":\"https:\\\/\\\/charavoileduboutdumonde.com\\\/#website\",\"url\":\"https:\\\/\\\/charavoileduboutdumonde.com\\\/\",\"name\":\"Char \u00e0 Voile du Bout du Monde\",\"description\":\"Char \u00e0 Voile du Bout du Monde - Char \u00e0 voile de loisir en Finist\u00e8re, Bretagne\",\"publisher\":{\"@id\":\"https:\\\/\\\/charavoileduboutdumonde.com\\\/#organization\"},\"potentialAction\":[{\"@type\":\"SearchAction\",\"target\":{\"@type\":\"EntryPoint\",\"urlTemplate\":\"https:\\\/\\\/charavoileduboutdumonde.com\\\/?s={search_term_string}\"},\"query-input\":{\"@type\":\"PropertyValueSpecification\",\"valueRequired\":true,\"valueName\":\"search_term_string\"}}],\"inLanguage\":\"en-GB\"},{\"@type\":\"Organization\",\"@id\":\"https:\\\/\\\/charavoileduboutdumonde.com\\\/#organization\",\"name\":\"Char \u00e0 Voile du Bout du Monde\",\"url\":\"https:\\\/\\\/charavoileduboutdumonde.com\\\/\",\"logo\":{\"@type\":\"ImageObject\",\"inLanguage\":\"en-GB\",\"@id\":\"https:\\\/\\\/charavoileduboutdumonde.com\\\/#\\\/schema\\\/logo\\\/image\\\/\",\"url\":\"https:\\\/\\\/charavoileduboutdumonde.com\\\/wp-content\\\/uploads\\\/2020\\\/05\\\/logoheader.png\",\"contentUrl\":\"https:\\\/\\\/charavoileduboutdumonde.com\\\/wp-content\\\/uploads\\\/2020\\\/05\\\/logoheader.png\",\"width\":249,\"height\":80,\"caption\":\"Char \u00e0 Voile du Bout du Monde\"},\"image\":{\"@id\":\"https:\\\/\\\/charavoileduboutdumonde.com\\\/#\\\/schema\\\/logo\\\/image\\\/\"},\"sameAs\":[\"https:\\\/\\\/www.facebook.com\\\/charavoileduboutdumonde\\\/\",\"https:\\\/\\\/www.instagram.com\\\/charavoileduboutdumonde\\\/\",\"https:\\\/\\\/www.youtube.com\\\/channel\\\/UC6oaDP9kS6oN_ZL61EhoDKw\\\/\"]},{\"@type\":\"Person\",\"@id\":\"https:\\\/\\\/charavoileduboutdumonde.com\\\/#\\\/schema\\\/person\\\/c5da156e5c5b12702aa2ca9946f7070b\",\"name\":\"charavoileduboutdumonde\",\"image\":{\"@type\":\"ImageObject\",\"inLanguage\":\"en-GB\",\"@id\":\"https:\\\/\\\/secure.gravatar.com\\\/avatar\\\/a807324b782435e178784a9109d80676e752c91433474922b3bde72033075754?s=96&d=mm&r=g\",\"url\":\"https:\\\/\\\/secure.gravatar.com\\\/avatar\\\/a807324b782435e178784a9109d80676e752c91433474922b3bde72033075754?s=96&d=mm&r=g\",\"contentUrl\":\"https:\\\/\\\/secure.gravatar.com\\\/avatar\\\/a807324b782435e178784a9109d80676e752c91433474922b3bde72033075754?s=96&d=mm&r=g\",\"caption\":\"charavoileduboutdumonde\"},\"url\":\"https:\\\/\\\/charavoileduboutdumonde.com\\\/en\\\/author\\\/charavoileduboutdumonde\\\/\"}]}<\/script>\n<!-- \/ Yoast SEO plugin. -->","yoast_head_json":{"title":"KART A VOILE - f\u00eate de la mer - Brest - Char \u00e0 Voile du Bout du Monde","description":"D\u00e9couvrez le kart \u00e0 voile sur le port de Brest avec l'\u00e9cole de char \u00e0 voile du bout du monde, dans le cadre de la f\u00eate de la mer 2020","robots":{"index":"index","follow":"follow","max-snippet":"max-snippet:-1","max-image-preview":"max-image-preview:large","max-video-preview":"max-video-preview:-1"},"canonical":"http:\/\/charavoileduboutdumonde.com\/en\/kart-a-voile-fete-de-la-mer-brest\/","og_locale":"en_GB","og_type":"article","og_title":"KART A VOILE - f\u00eate de la mer - Brest - Char \u00e0 Voile du Bout du Monde","og_description":"D\u00e9couvrez le kart \u00e0 voile sur le port de Brest avec l'\u00e9cole de char \u00e0 voile du bout du monde, dans le cadre de la f\u00eate de la mer 2020","og_url":"http:\/\/charavoileduboutdumonde.com\/en\/kart-a-voile-fete-de-la-mer-brest\/","og_site_name":"Char \u00e0 Voile du Bout du Monde","article_publisher":"https:\/\/www.facebook.com\/charavoileduboutdumonde\/","article_published_time":"2020-08-27T06:09:33+00:00","article_modified_time":"2021-11-27T13:54:35+00:00","og_image":[{"width":914,"height":625,"url":"http:\/\/charavoileduboutdumonde.com\/wp-content\/uploads\/2020\/12\/Sailride-seagull.png","type":"image\/png"}],"author":"charavoileduboutdumonde","twitter_card":"summary_large_image","twitter_misc":{"Written by":"charavoileduboutdumonde","Estimated reading time":"1 minute"},"schema":{"@context":"https:\/\/schema.org","@graph":[{"@type":"Article","@id":"http:\/\/charavoileduboutdumonde.com\/kart-a-voile-fete-de-la-mer-brest\/#article","isPartOf":{"@id":"http:\/\/charavoileduboutdumonde.com\/kart-a-voile-fete-de-la-mer-brest\/"},"author":{"name":"charavoileduboutdumonde","@id":"https:\/\/charavoileduboutdumonde.com\/#\/schema\/person\/c5da156e5c5b12702aa2ca9946f7070b"},"headline":"KART A VOILE &#8211; f\u00eate de la mer &#8211; Brest","datePublished":"2020-08-27T06:09:33+00:00","dateModified":"2021-11-27T13:54:35+00:00","mainEntityOfPage":{"@id":"http:\/\/charavoileduboutdumonde.com\/kart-a-voile-fete-de-la-mer-brest\/"},"wordCount":189,"publisher":{"@id":"https:\/\/charavoileduboutdumonde.com\/#organization"},"image":{"@id":"http:\/\/charavoileduboutdumonde.com\/kart-a-voile-fete-de-la-mer-brest\/#primaryimage"},"thumbnailUrl":"https:\/\/charavoileduboutdumonde.com\/wp-content\/uploads\/2020\/12\/Sailride-seagull.png","articleSection":["Non class\u00e9"],"inLanguage":"en-GB"},{"@type":"WebPage","@id":"http:\/\/charavoileduboutdumonde.com\/kart-a-voile-fete-de-la-mer-brest\/","url":"http:\/\/charavoileduboutdumonde.com\/kart-a-voile-fete-de-la-mer-brest\/","name":"KART A VOILE - f\u00eate de la mer - Brest - Char \u00e0 Voile du Bout du Monde","isPartOf":{"@id":"https:\/\/charavoileduboutdumonde.com\/#website"},"primaryImageOfPage":{"@id":"http:\/\/charavoileduboutdumonde.com\/kart-a-voile-fete-de-la-mer-brest\/#primaryimage"},"image":{"@id":"http:\/\/charavoileduboutdumonde.com\/kart-a-voile-fete-de-la-mer-brest\/#primaryimage"},"thumbnailUrl":"https:\/\/charavoileduboutdumonde.com\/wp-content\/uploads\/2020\/12\/Sailride-seagull.png","datePublished":"2020-08-27T06:09:33+00:00","dateModified":"2021-11-27T13:54:35+00:00","description":"D\u00e9couvrez le kart \u00e0 voile sur le port de Brest avec l'\u00e9cole de char \u00e0 voile du bout du monde, dans le cadre de la f\u00eate de la mer 2020","breadcrumb":{"@id":"http:\/\/charavoileduboutdumonde.com\/kart-a-voile-fete-de-la-mer-brest\/#breadcrumb"},"inLanguage":"en-GB","potentialAction":[{"@type":"ReadAction","target":["http:\/\/charavoileduboutdumonde.com\/kart-a-voile-fete-de-la-mer-brest\/"]}]},{"@type":"ImageObject","inLanguage":"en-GB","@id":"http:\/\/charavoileduboutdumonde.com\/kart-a-voile-fete-de-la-mer-brest\/#primaryimage","url":"https:\/\/charavoileduboutdumonde.com\/wp-content\/uploads\/2020\/12\/Sailride-seagull.png","contentUrl":"https:\/\/charavoileduboutdumonde.com\/wp-content\/uploads\/2020\/12\/Sailride-seagull.png","width":914,"height":625,"caption":"char-a-pedales-seagull"},{"@type":"BreadcrumbList","@id":"http:\/\/charavoileduboutdumonde.com\/kart-a-voile-fete-de-la-mer-brest\/#breadcrumb","itemListElement":[{"@type":"ListItem","position":1,"name":"Accueil","item":"https:\/\/charavoileduboutdumonde.com\/"},{"@type":"ListItem","position":2,"name":"KART A VOILE &#8211; f\u00eate de la mer &#8211; Brest"}]},{"@type":"WebSite","@id":"https:\/\/charavoileduboutdumonde.com\/#website","url":"https:\/\/charavoileduboutdumonde.com\/","name":"Char \u00e0 Voile du Bout du Monde","description":"Char \u00e0 Voile du Bout du Monde - Char \u00e0 voile de loisir en Finist\u00e8re, Bretagne","publisher":{"@id":"https:\/\/charavoileduboutdumonde.com\/#organization"},"potentialAction":[{"@type":"SearchAction","target":{"@type":"EntryPoint","urlTemplate":"https:\/\/charavoileduboutdumonde.com\/?s={search_term_string}"},"query-input":{"@type":"PropertyValueSpecification","valueRequired":true,"valueName":"search_term_string"}}],"inLanguage":"en-GB"},{"@type":"Organization","@id":"https:\/\/charavoileduboutdumonde.com\/#organization","name":"Char \u00e0 Voile du Bout du Monde","url":"https:\/\/charavoileduboutdumonde.com\/","logo":{"@type":"ImageObject","inLanguage":"en-GB","@id":"https:\/\/charavoileduboutdumonde.com\/#\/schema\/logo\/image\/","url":"https:\/\/charavoileduboutdumonde.com\/wp-content\/uploads\/2020\/05\/logoheader.png","contentUrl":"https:\/\/charavoileduboutdumonde.com\/wp-content\/uploads\/2020\/05\/logoheader.png","width":249,"height":80,"caption":"Char \u00e0 Voile du Bout du Monde"},"image":{"@id":"https:\/\/charavoileduboutdumonde.com\/#\/schema\/logo\/image\/"},"sameAs":["https:\/\/www.facebook.com\/charavoileduboutdumonde\/","https:\/\/www.instagram.com\/charavoileduboutdumonde\/","https:\/\/www.youtube.com\/channel\/UC6oaDP9kS6oN_ZL61EhoDKw\/"]},{"@type":"Person","@id":"https:\/\/charavoileduboutdumonde.com\/#\/schema\/person\/c5da156e5c5b12702aa2ca9946f7070b","name":"charavoileduboutdumonde","image":{"@type":"ImageObject","inLanguage":"en-GB","@id":"https:\/\/secure.gravatar.com\/avatar\/a807324b782435e178784a9109d80676e752c91433474922b3bde72033075754?s=96&d=mm&r=g","url":"https:\/\/secure.gravatar.com\/avatar\/a807324b782435e178784a9109d80676e752c91433474922b3bde72033075754?s=96&d=mm&r=g","contentUrl":"https:\/\/secure.gravatar.com\/avatar\/a807324b782435e178784a9109d80676e752c91433474922b3bde72033075754?s=96&d=mm&r=g","caption":"charavoileduboutdumonde"},"url":"https:\/\/charavoileduboutdumonde.com\/en\/author\/charavoileduboutdumonde\/"}]}},"_links":{"self":[{"href":"https:\/\/charavoileduboutdumonde.com\/en\/wp-json\/wp\/v2\/posts\/592","targetHints":{"allow":["GET"]}}],"collection":[{"href":"https:\/\/charavoileduboutdumonde.com\/en\/wp-json\/wp\/v2\/posts"}],"about":[{"href":"https:\/\/charavoileduboutdumonde.com\/en\/wp-json\/wp\/v2\/types\/post"}],"author":[{"embeddable":true,"href":"https:\/\/charavoileduboutdumonde.com\/en\/wp-json\/wp\/v2\/users\/2"}],"replies":[{"embeddable":true,"href":"https:\/\/charavoileduboutdumonde.com\/en\/wp-json\/wp\/v2\/comments?post=592"}],"version-history":[{"count":4,"href":"https:\/\/charavoileduboutdumonde.com\/en\/wp-json\/wp\/v2\/posts\/592\/revisions"}],"predecessor-version":[{"id":1873,"href":"https:\/\/charavoileduboutdumonde.com\/en\/wp-json\/wp\/v2\/posts\/592\/revisions\/1873"}],"wp:featuredmedia":[{"embeddable":true,"href":"https:\/\/charavoileduboutdumonde.com\/en\/wp-json\/wp\/v2\/media\/697"}],"wp:attachment":[{"href":"https:\/\/charavoileduboutdumonde.com\/en\/wp-json\/wp\/v2\/media?parent=592"}],"wp:term":[{"taxonomy":"category","embeddable":true,"href":"https:\/\/charavoileduboutdumonde.com\/en\/wp-json\/wp\/v2\/categories?post=592"},{"taxonomy":"post_tag","embeddable":true,"href":"https:\/\/charavoileduboutdumonde.com\/en\/wp-json\/wp\/v2\/tags?post=592"}],"curies":[{"name":"wp","href":"https:\/\/api.w.org\/{rel}","templated":true}]}}