{"id":616,"date":"2020-10-31T15:52:52","date_gmt":"2020-10-31T14:52:52","guid":{"rendered":"http:\/\/charavoileduboutdumonde.com\/?p=616"},"modified":"2021-11-27T14:48:21","modified_gmt":"2021-11-27T13:48:21","slug":"le-brevet-detat-objectif-de-quinze-stagiaires-a-lestrevet-avec-char-a-voile-du-bout-du-monde","status":"publish","type":"post","link":"https:\/\/charavoileduboutdumonde.com\/en\/le-brevet-detat-objectif-de-quinze-stagiaires-a-lestrevet-avec-char-a-voile-du-bout-du-monde\/","title":{"rendered":"Formation au dipl\u00f4me d&rsquo;\u00e9tat"},"content":{"rendered":"<h2><span style=\"font-family: sev;\">Le brevet d\u2019\u00c9tat, objectif de quinze stagiaires \u00e0 Plomodiern, plage de Lestrevet, avec char \u00e0 voile du bout du monde<\/span><\/h2>\n<p><span style=\"font-size: 14pt; font-family: sev;\">L&rsquo;\u00e9cole de char \u00e0 voile du bout du monde accueille pendant 15 jours une formation professionnelle, pour l&rsquo;obtention du dipl\u00f4me d&rsquo;\u00e9tat \u00e9ducateur sportif char \u00e0 voile (<a href=\"https:\/\/www.formation-bpjeps.com\/bpjeps-specialite-educateur-sportif-mention-char-a-voile\/\">BPJEPS char \u00e0 voile<\/a>).<\/span><\/p>\n<p>&nbsp;<\/p>\n<p><span style=\"font-family: sev;\"><a href=\"http:\/\/charavoileduboutdumonde.com\/en\/le-brevet-detat-objectif-de-quinze-stagiaires-a-lestrevet-avec-char-a-voile-du-bout-du-monde\/stagiaires-neb-formations-2020\/\" rel=\"attachment wp-att-684\"><img loading=\"lazy\" decoding=\"async\" class=\"alignnone wp-image-684\" src=\"http:\/\/charavoileduboutdumonde.com\/wp-content\/uploads\/2020\/12\/stagiaires-NEB-formations-2020-300x211.png\" alt=\"BPJEPS-char-a-voile\" width=\"473\" height=\"333\" srcset=\"https:\/\/charavoileduboutdumonde.com\/wp-content\/uploads\/2020\/12\/stagiaires-NEB-formations-2020-300x211.png 300w, https:\/\/charavoileduboutdumonde.com\/wp-content\/uploads\/2020\/12\/stagiaires-NEB-formations-2020-1024x719.png 1024w, https:\/\/charavoileduboutdumonde.com\/wp-content\/uploads\/2020\/12\/stagiaires-NEB-formations-2020-768x540.png 768w, https:\/\/charavoileduboutdumonde.com\/wp-content\/uploads\/2020\/12\/stagiaires-NEB-formations-2020-1536x1079.png 1536w, https:\/\/charavoileduboutdumonde.com\/wp-content\/uploads\/2020\/12\/stagiaires-NEB-formations-2020-1200x843.png 1200w, https:\/\/charavoileduboutdumonde.com\/wp-content\/uploads\/2020\/12\/stagiaires-NEB-formations-2020.png 1876w\" sizes=\"auto, (max-width: 473px) 100vw, 473px\" \/><\/a><\/span><\/p>\n<p>&nbsp;<\/p>\n<h2><span style=\"font-family: sev; font-size: 36pt;\">Premi\u00e8re formation de ce type en Bretagne et soutenue par <a href=\"http:\/\/www.nebformations.fr\/\">Nautisme en Bretagne (Neb formations)<\/a><\/span><\/h2>\n<p><span style=\"font-family: sev; font-size: 14pt;\">Elle a deux particularit\u00e9s : la premi\u00e8re est de pratiquer sur trois engins (speed sail, <a href=\"https:\/\/youtu.be\/NqkCiAH2QEI\">beachsailing<\/a> et char \u00e0 cerf-volant), et la deuxi\u00e8me que les postulants, \u00e2g\u00e9s de 18 \u00e0 51 ans, sont soit en entreprise (clubs), soit en contrat formation. C\u2019est le cas de Manon et de son compagnon, Nolan, qui viennent tous les deux des C\u00f4tes-d\u2019Armor pour se perfectionner. Ils ont des employeurs \u00e0 Frehel ou \u00e0 Saint -Jacut-de-la-Mer. Ils ont particuli\u00e8rement \u00e9t\u00e9 s\u00e9duits par le speed sail, grisant et tr\u00e8s dynamique. <\/span><\/p>\n<h2><span style=\"font-family: sev;\">En pr\u00e9sence du pr\u00e9sident de la ligue Bretagne de char \u00e0 voile<\/span><\/h2>\n<p><span style=\"font-family: sev; font-size: 14pt;\">A mes c\u00f4t\u00e9s, Jean-Charles Briffaut, pr\u00e9sident de la ligue de Bretagne de char \u00e0 voile, est venu pr\u00eater main forte pour cette semaine de formation.<\/span><\/p>\n<p><span style=\"font-family: sev; font-size: 14pt;\">La semaine prochaine, les entrainements continuent malgr\u00e9 le confinement (d\u00e9rogation du minist\u00e8re des sports), et les stagiaires pourront donc se perfectionner encore sur les diff\u00e9rents supports avant la tr\u00eave hivernale. Leur formation reprenant ensuite en f\u00e9vrier 2021.<\/span><\/p>\n<p><span style=\"font-family: sev; font-size: 14pt;\">Les \u00e9preuves finales auront lieu courant printemps.<\/span><\/p>","protected":false},"excerpt":{"rendered":"<p>Le brevet d\u2019\u00c9tat, objectif de quinze stagiaires \u00e0 Plomodiern, plage de Lestrevet, avec char \u00e0 voile du bout du monde L&rsquo;\u00e9cole de char \u00e0 voile du bout du monde accueille pendant 15 jours une formation professionnelle, pour l&rsquo;obtention du dipl\u00f4me d&rsquo;\u00e9tat \u00e9ducateur sportif char \u00e0 voile (BPJEPS char \u00e0 voile). &nbsp; &nbsp; Premi\u00e8re formation de [&hellip;]<\/p>","protected":false},"author":2,"featured_media":684,"comment_status":"closed","ping_status":"open","sticky":false,"template":"","format":"standard","meta":{"inline_featured_image":false,"footnotes":""},"categories":[1],"tags":[],"class_list":["post-616","post","type-post","status-publish","format-standard","has-post-thumbnail","hentry","category-non-classe"],"yoast_head":"<!-- This site is optimized with the Yoast SEO plugin v27.4 - https:\/\/yoast.com\/product\/yoast-seo-wordpress\/ -->\n<title>Formation au dipl\u00f4me d&#039;\u00e9tat - Char \u00e0 Voile du Bout du Monde<\/title>\n<meta name=\"robots\" content=\"index, follow, max-snippet:-1, max-image-preview:large, max-video-preview:-1\" \/>\n<link rel=\"canonical\" href=\"http:\/\/charavoileduboutdumonde.com\/en\/le-brevet-detat-objectif-de-quinze-stagiaires-a-lestrevet-avec-char-a-voile-du-bout-du-monde\/\" \/>\n<meta property=\"og:locale\" content=\"en_GB\" \/>\n<meta property=\"og:type\" content=\"article\" \/>\n<meta property=\"og:title\" content=\"Formation au dipl\u00f4me d&#039;\u00e9tat - Char \u00e0 Voile du Bout du Monde\" \/>\n<meta property=\"og:description\" content=\"Le brevet d\u2019\u00c9tat, objectif de quinze stagiaires \u00e0 Plomodiern, plage de Lestrevet, avec char \u00e0 voile du bout du monde L&rsquo;\u00e9cole de char \u00e0 voile du bout du monde accueille pendant 15 jours une formation professionnelle, pour l&rsquo;obtention du dipl\u00f4me d&rsquo;\u00e9tat \u00e9ducateur sportif char \u00e0 voile (BPJEPS char \u00e0 voile). &nbsp; &nbsp; Premi\u00e8re formation de [&hellip;]\" \/>\n<meta property=\"og:url\" content=\"http:\/\/charavoileduboutdumonde.com\/en\/le-brevet-detat-objectif-de-quinze-stagiaires-a-lestrevet-avec-char-a-voile-du-bout-du-monde\/\" \/>\n<meta property=\"og:site_name\" content=\"Char \u00e0 Voile du Bout du Monde\" \/>\n<meta property=\"article:publisher\" content=\"https:\/\/www.facebook.com\/charavoileduboutdumonde\/\" \/>\n<meta property=\"article:published_time\" content=\"2020-10-31T14:52:52+00:00\" \/>\n<meta property=\"article:modified_time\" content=\"2021-11-27T13:48:21+00:00\" \/>\n<meta property=\"og:image\" content=\"http:\/\/charavoileduboutdumonde.com\/wp-content\/uploads\/2020\/12\/stagiaires-NEB-formations-2020-1024x719.png\" \/>\n\t<meta property=\"og:image:width\" content=\"1024\" \/>\n\t<meta property=\"og:image:height\" content=\"719\" \/>\n\t<meta property=\"og:image:type\" content=\"image\/png\" \/>\n<meta name=\"author\" content=\"charavoileduboutdumonde\" \/>\n<meta name=\"twitter:card\" content=\"summary_large_image\" \/>\n<meta name=\"twitter:label1\" content=\"Written by\" \/>\n\t<meta name=\"twitter:data1\" content=\"charavoileduboutdumonde\" \/>\n\t<meta name=\"twitter:label2\" content=\"Estimated reading time\" \/>\n\t<meta name=\"twitter:data2\" content=\"1 minute\" \/>\n<script type=\"application\/ld+json\" class=\"yoast-schema-graph\">{\"@context\":\"https:\\\/\\\/schema.org\",\"@graph\":[{\"@type\":\"Article\",\"@id\":\"http:\\\/\\\/charavoileduboutdumonde.com\\\/le-brevet-detat-objectif-de-quinze-stagiaires-a-lestrevet-avec-char-a-voile-du-bout-du-monde\\\/#article\",\"isPartOf\":{\"@id\":\"http:\\\/\\\/charavoileduboutdumonde.com\\\/le-brevet-detat-objectif-de-quinze-stagiaires-a-lestrevet-avec-char-a-voile-du-bout-du-monde\\\/\"},\"author\":{\"name\":\"charavoileduboutdumonde\",\"@id\":\"https:\\\/\\\/charavoileduboutdumonde.com\\\/#\\\/schema\\\/person\\\/c5da156e5c5b12702aa2ca9946f7070b\"},\"headline\":\"Formation au dipl\u00f4me d&rsquo;\u00e9tat\",\"datePublished\":\"2020-10-31T14:52:52+00:00\",\"dateModified\":\"2021-11-27T13:48:21+00:00\",\"mainEntityOfPage\":{\"@id\":\"http:\\\/\\\/charavoileduboutdumonde.com\\\/le-brevet-detat-objectif-de-quinze-stagiaires-a-lestrevet-avec-char-a-voile-du-bout-du-monde\\\/\"},\"wordCount\":249,\"publisher\":{\"@id\":\"https:\\\/\\\/charavoileduboutdumonde.com\\\/#organization\"},\"image\":{\"@id\":\"http:\\\/\\\/charavoileduboutdumonde.com\\\/le-brevet-detat-objectif-de-quinze-stagiaires-a-lestrevet-avec-char-a-voile-du-bout-du-monde\\\/#primaryimage\"},\"thumbnailUrl\":\"https:\\\/\\\/charavoileduboutdumonde.com\\\/wp-content\\\/uploads\\\/2020\\\/12\\\/stagiaires-NEB-formations-2020.png\",\"articleSection\":[\"Non class\u00e9\"],\"inLanguage\":\"en-GB\"},{\"@type\":\"WebPage\",\"@id\":\"http:\\\/\\\/charavoileduboutdumonde.com\\\/le-brevet-detat-objectif-de-quinze-stagiaires-a-lestrevet-avec-char-a-voile-du-bout-du-monde\\\/\",\"url\":\"http:\\\/\\\/charavoileduboutdumonde.com\\\/le-brevet-detat-objectif-de-quinze-stagiaires-a-lestrevet-avec-char-a-voile-du-bout-du-monde\\\/\",\"name\":\"Formation au dipl\u00f4me d'\u00e9tat - Char \u00e0 Voile du Bout du Monde\",\"isPartOf\":{\"@id\":\"https:\\\/\\\/charavoileduboutdumonde.com\\\/#website\"},\"primaryImageOfPage\":{\"@id\":\"http:\\\/\\\/charavoileduboutdumonde.com\\\/le-brevet-detat-objectif-de-quinze-stagiaires-a-lestrevet-avec-char-a-voile-du-bout-du-monde\\\/#primaryimage\"},\"image\":{\"@id\":\"http:\\\/\\\/charavoileduboutdumonde.com\\\/le-brevet-detat-objectif-de-quinze-stagiaires-a-lestrevet-avec-char-a-voile-du-bout-du-monde\\\/#primaryimage\"},\"thumbnailUrl\":\"https:\\\/\\\/charavoileduboutdumonde.com\\\/wp-content\\\/uploads\\\/2020\\\/12\\\/stagiaires-NEB-formations-2020.png\",\"datePublished\":\"2020-10-31T14:52:52+00:00\",\"dateModified\":\"2021-11-27T13:48:21+00:00\",\"breadcrumb\":{\"@id\":\"http:\\\/\\\/charavoileduboutdumonde.com\\\/le-brevet-detat-objectif-de-quinze-stagiaires-a-lestrevet-avec-char-a-voile-du-bout-du-monde\\\/#breadcrumb\"},\"inLanguage\":\"en-GB\",\"potentialAction\":[{\"@type\":\"ReadAction\",\"target\":[\"http:\\\/\\\/charavoileduboutdumonde.com\\\/le-brevet-detat-objectif-de-quinze-stagiaires-a-lestrevet-avec-char-a-voile-du-bout-du-monde\\\/\"]}]},{\"@type\":\"ImageObject\",\"inLanguage\":\"en-GB\",\"@id\":\"http:\\\/\\\/charavoileduboutdumonde.com\\\/le-brevet-detat-objectif-de-quinze-stagiaires-a-lestrevet-avec-char-a-voile-du-bout-du-monde\\\/#primaryimage\",\"url\":\"https:\\\/\\\/charavoileduboutdumonde.com\\\/wp-content\\\/uploads\\\/2020\\\/12\\\/stagiaires-NEB-formations-2020.png\",\"contentUrl\":\"https:\\\/\\\/charavoileduboutdumonde.com\\\/wp-content\\\/uploads\\\/2020\\\/12\\\/stagiaires-NEB-formations-2020.png\",\"width\":1876,\"height\":1318,\"caption\":\"BPJEPS-char-a-voile\"},{\"@type\":\"BreadcrumbList\",\"@id\":\"http:\\\/\\\/charavoileduboutdumonde.com\\\/le-brevet-detat-objectif-de-quinze-stagiaires-a-lestrevet-avec-char-a-voile-du-bout-du-monde\\\/#breadcrumb\",\"itemListElement\":[{\"@type\":\"ListItem\",\"position\":1,\"name\":\"Accueil\",\"item\":\"https:\\\/\\\/charavoileduboutdumonde.com\\\/\"},{\"@type\":\"ListItem\",\"position\":2,\"name\":\"Formation au dipl\u00f4me d&#8217;\u00e9tat\"}]},{\"@type\":\"WebSite\",\"@id\":\"https:\\\/\\\/charavoileduboutdumonde.com\\\/#website\",\"url\":\"https:\\\/\\\/charavoileduboutdumonde.com\\\/\",\"name\":\"Char \u00e0 Voile du Bout du Monde\",\"description\":\"Char \u00e0 Voile du Bout du Monde - Char \u00e0 voile de loisir en Finist\u00e8re, Bretagne\",\"publisher\":{\"@id\":\"https:\\\/\\\/charavoileduboutdumonde.com\\\/#organization\"},\"potentialAction\":[{\"@type\":\"SearchAction\",\"target\":{\"@type\":\"EntryPoint\",\"urlTemplate\":\"https:\\\/\\\/charavoileduboutdumonde.com\\\/?s={search_term_string}\"},\"query-input\":{\"@type\":\"PropertyValueSpecification\",\"valueRequired\":true,\"valueName\":\"search_term_string\"}}],\"inLanguage\":\"en-GB\"},{\"@type\":\"Organization\",\"@id\":\"https:\\\/\\\/charavoileduboutdumonde.com\\\/#organization\",\"name\":\"Char \u00e0 Voile du Bout du Monde\",\"url\":\"https:\\\/\\\/charavoileduboutdumonde.com\\\/\",\"logo\":{\"@type\":\"ImageObject\",\"inLanguage\":\"en-GB\",\"@id\":\"https:\\\/\\\/charavoileduboutdumonde.com\\\/#\\\/schema\\\/logo\\\/image\\\/\",\"url\":\"https:\\\/\\\/charavoileduboutdumonde.com\\\/wp-content\\\/uploads\\\/2020\\\/05\\\/logoheader.png\",\"contentUrl\":\"https:\\\/\\\/charavoileduboutdumonde.com\\\/wp-content\\\/uploads\\\/2020\\\/05\\\/logoheader.png\",\"width\":249,\"height\":80,\"caption\":\"Char \u00e0 Voile du Bout du Monde\"},\"image\":{\"@id\":\"https:\\\/\\\/charavoileduboutdumonde.com\\\/#\\\/schema\\\/logo\\\/image\\\/\"},\"sameAs\":[\"https:\\\/\\\/www.facebook.com\\\/charavoileduboutdumonde\\\/\",\"https:\\\/\\\/www.instagram.com\\\/charavoileduboutdumonde\\\/\",\"https:\\\/\\\/www.youtube.com\\\/channel\\\/UC6oaDP9kS6oN_ZL61EhoDKw\\\/\"]},{\"@type\":\"Person\",\"@id\":\"https:\\\/\\\/charavoileduboutdumonde.com\\\/#\\\/schema\\\/person\\\/c5da156e5c5b12702aa2ca9946f7070b\",\"name\":\"charavoileduboutdumonde\",\"image\":{\"@type\":\"ImageObject\",\"inLanguage\":\"en-GB\",\"@id\":\"https:\\\/\\\/secure.gravatar.com\\\/avatar\\\/a807324b782435e178784a9109d80676e752c91433474922b3bde72033075754?s=96&d=mm&r=g\",\"url\":\"https:\\\/\\\/secure.gravatar.com\\\/avatar\\\/a807324b782435e178784a9109d80676e752c91433474922b3bde72033075754?s=96&d=mm&r=g\",\"contentUrl\":\"https:\\\/\\\/secure.gravatar.com\\\/avatar\\\/a807324b782435e178784a9109d80676e752c91433474922b3bde72033075754?s=96&d=mm&r=g\",\"caption\":\"charavoileduboutdumonde\"},\"url\":\"https:\\\/\\\/charavoileduboutdumonde.com\\\/en\\\/author\\\/charavoileduboutdumonde\\\/\"}]}<\/script>\n<!-- \/ Yoast SEO plugin. -->","yoast_head_json":{"title":"Formation au dipl\u00f4me d'\u00e9tat - Char \u00e0 Voile du Bout du Monde","robots":{"index":"index","follow":"follow","max-snippet":"max-snippet:-1","max-image-preview":"max-image-preview:large","max-video-preview":"max-video-preview:-1"},"canonical":"http:\/\/charavoileduboutdumonde.com\/en\/le-brevet-detat-objectif-de-quinze-stagiaires-a-lestrevet-avec-char-a-voile-du-bout-du-monde\/","og_locale":"en_GB","og_type":"article","og_title":"Formation au dipl\u00f4me d'\u00e9tat - Char \u00e0 Voile du Bout du Monde","og_description":"Le brevet d\u2019\u00c9tat, objectif de quinze stagiaires \u00e0 Plomodiern, plage de Lestrevet, avec char \u00e0 voile du bout du monde L&rsquo;\u00e9cole de char \u00e0 voile du bout du monde accueille pendant 15 jours une formation professionnelle, pour l&rsquo;obtention du dipl\u00f4me d&rsquo;\u00e9tat \u00e9ducateur sportif char \u00e0 voile (BPJEPS char \u00e0 voile). &nbsp; &nbsp; Premi\u00e8re formation de [&hellip;]","og_url":"http:\/\/charavoileduboutdumonde.com\/en\/le-brevet-detat-objectif-de-quinze-stagiaires-a-lestrevet-avec-char-a-voile-du-bout-du-monde\/","og_site_name":"Char \u00e0 Voile du Bout du Monde","article_publisher":"https:\/\/www.facebook.com\/charavoileduboutdumonde\/","article_published_time":"2020-10-31T14:52:52+00:00","article_modified_time":"2021-11-27T13:48:21+00:00","og_image":[{"width":1024,"height":719,"url":"http:\/\/charavoileduboutdumonde.com\/wp-content\/uploads\/2020\/12\/stagiaires-NEB-formations-2020-1024x719.png","type":"image\/png"}],"author":"charavoileduboutdumonde","twitter_card":"summary_large_image","twitter_misc":{"Written by":"charavoileduboutdumonde","Estimated reading time":"1 minute"},"schema":{"@context":"https:\/\/schema.org","@graph":[{"@type":"Article","@id":"http:\/\/charavoileduboutdumonde.com\/le-brevet-detat-objectif-de-quinze-stagiaires-a-lestrevet-avec-char-a-voile-du-bout-du-monde\/#article","isPartOf":{"@id":"http:\/\/charavoileduboutdumonde.com\/le-brevet-detat-objectif-de-quinze-stagiaires-a-lestrevet-avec-char-a-voile-du-bout-du-monde\/"},"author":{"name":"charavoileduboutdumonde","@id":"https:\/\/charavoileduboutdumonde.com\/#\/schema\/person\/c5da156e5c5b12702aa2ca9946f7070b"},"headline":"Formation au dipl\u00f4me d&rsquo;\u00e9tat","datePublished":"2020-10-31T14:52:52+00:00","dateModified":"2021-11-27T13:48:21+00:00","mainEntityOfPage":{"@id":"http:\/\/charavoileduboutdumonde.com\/le-brevet-detat-objectif-de-quinze-stagiaires-a-lestrevet-avec-char-a-voile-du-bout-du-monde\/"},"wordCount":249,"publisher":{"@id":"https:\/\/charavoileduboutdumonde.com\/#organization"},"image":{"@id":"http:\/\/charavoileduboutdumonde.com\/le-brevet-detat-objectif-de-quinze-stagiaires-a-lestrevet-avec-char-a-voile-du-bout-du-monde\/#primaryimage"},"thumbnailUrl":"https:\/\/charavoileduboutdumonde.com\/wp-content\/uploads\/2020\/12\/stagiaires-NEB-formations-2020.png","articleSection":["Non class\u00e9"],"inLanguage":"en-GB"},{"@type":"WebPage","@id":"http:\/\/charavoileduboutdumonde.com\/le-brevet-detat-objectif-de-quinze-stagiaires-a-lestrevet-avec-char-a-voile-du-bout-du-monde\/","url":"http:\/\/charavoileduboutdumonde.com\/le-brevet-detat-objectif-de-quinze-stagiaires-a-lestrevet-avec-char-a-voile-du-bout-du-monde\/","name":"Formation au dipl\u00f4me d'\u00e9tat - Char \u00e0 Voile du Bout du Monde","isPartOf":{"@id":"https:\/\/charavoileduboutdumonde.com\/#website"},"primaryImageOfPage":{"@id":"http:\/\/charavoileduboutdumonde.com\/le-brevet-detat-objectif-de-quinze-stagiaires-a-lestrevet-avec-char-a-voile-du-bout-du-monde\/#primaryimage"},"image":{"@id":"http:\/\/charavoileduboutdumonde.com\/le-brevet-detat-objectif-de-quinze-stagiaires-a-lestrevet-avec-char-a-voile-du-bout-du-monde\/#primaryimage"},"thumbnailUrl":"https:\/\/charavoileduboutdumonde.com\/wp-content\/uploads\/2020\/12\/stagiaires-NEB-formations-2020.png","datePublished":"2020-10-31T14:52:52+00:00","dateModified":"2021-11-27T13:48:21+00:00","breadcrumb":{"@id":"http:\/\/charavoileduboutdumonde.com\/le-brevet-detat-objectif-de-quinze-stagiaires-a-lestrevet-avec-char-a-voile-du-bout-du-monde\/#breadcrumb"},"inLanguage":"en-GB","potentialAction":[{"@type":"ReadAction","target":["http:\/\/charavoileduboutdumonde.com\/le-brevet-detat-objectif-de-quinze-stagiaires-a-lestrevet-avec-char-a-voile-du-bout-du-monde\/"]}]},{"@type":"ImageObject","inLanguage":"en-GB","@id":"http:\/\/charavoileduboutdumonde.com\/le-brevet-detat-objectif-de-quinze-stagiaires-a-lestrevet-avec-char-a-voile-du-bout-du-monde\/#primaryimage","url":"https:\/\/charavoileduboutdumonde.com\/wp-content\/uploads\/2020\/12\/stagiaires-NEB-formations-2020.png","contentUrl":"https:\/\/charavoileduboutdumonde.com\/wp-content\/uploads\/2020\/12\/stagiaires-NEB-formations-2020.png","width":1876,"height":1318,"caption":"BPJEPS-char-a-voile"},{"@type":"BreadcrumbList","@id":"http:\/\/charavoileduboutdumonde.com\/le-brevet-detat-objectif-de-quinze-stagiaires-a-lestrevet-avec-char-a-voile-du-bout-du-monde\/#breadcrumb","itemListElement":[{"@type":"ListItem","position":1,"name":"Accueil","item":"https:\/\/charavoileduboutdumonde.com\/"},{"@type":"ListItem","position":2,"name":"Formation au dipl\u00f4me d&#8217;\u00e9tat"}]},{"@type":"WebSite","@id":"https:\/\/charavoileduboutdumonde.com\/#website","url":"https:\/\/charavoileduboutdumonde.com\/","name":"Char \u00e0 Voile du Bout du Monde","description":"Char \u00e0 Voile du Bout du Monde - Char \u00e0 voile de loisir en Finist\u00e8re, Bretagne","publisher":{"@id":"https:\/\/charavoileduboutdumonde.com\/#organization"},"potentialAction":[{"@type":"SearchAction","target":{"@type":"EntryPoint","urlTemplate":"https:\/\/charavoileduboutdumonde.com\/?s={search_term_string}"},"query-input":{"@type":"PropertyValueSpecification","valueRequired":true,"valueName":"search_term_string"}}],"inLanguage":"en-GB"},{"@type":"Organization","@id":"https:\/\/charavoileduboutdumonde.com\/#organization","name":"Char \u00e0 Voile du Bout du Monde","url":"https:\/\/charavoileduboutdumonde.com\/","logo":{"@type":"ImageObject","inLanguage":"en-GB","@id":"https:\/\/charavoileduboutdumonde.com\/#\/schema\/logo\/image\/","url":"https:\/\/charavoileduboutdumonde.com\/wp-content\/uploads\/2020\/05\/logoheader.png","contentUrl":"https:\/\/charavoileduboutdumonde.com\/wp-content\/uploads\/2020\/05\/logoheader.png","width":249,"height":80,"caption":"Char \u00e0 Voile du Bout du Monde"},"image":{"@id":"https:\/\/charavoileduboutdumonde.com\/#\/schema\/logo\/image\/"},"sameAs":["https:\/\/www.facebook.com\/charavoileduboutdumonde\/","https:\/\/www.instagram.com\/charavoileduboutdumonde\/","https:\/\/www.youtube.com\/channel\/UC6oaDP9kS6oN_ZL61EhoDKw\/"]},{"@type":"Person","@id":"https:\/\/charavoileduboutdumonde.com\/#\/schema\/person\/c5da156e5c5b12702aa2ca9946f7070b","name":"charavoileduboutdumonde","image":{"@type":"ImageObject","inLanguage":"en-GB","@id":"https:\/\/secure.gravatar.com\/avatar\/a807324b782435e178784a9109d80676e752c91433474922b3bde72033075754?s=96&d=mm&r=g","url":"https:\/\/secure.gravatar.com\/avatar\/a807324b782435e178784a9109d80676e752c91433474922b3bde72033075754?s=96&d=mm&r=g","contentUrl":"https:\/\/secure.gravatar.com\/avatar\/a807324b782435e178784a9109d80676e752c91433474922b3bde72033075754?s=96&d=mm&r=g","caption":"charavoileduboutdumonde"},"url":"https:\/\/charavoileduboutdumonde.com\/en\/author\/charavoileduboutdumonde\/"}]}},"_links":{"self":[{"href":"https:\/\/charavoileduboutdumonde.com\/en\/wp-json\/wp\/v2\/posts\/616","targetHints":{"allow":["GET"]}}],"collection":[{"href":"https:\/\/charavoileduboutdumonde.com\/en\/wp-json\/wp\/v2\/posts"}],"about":[{"href":"https:\/\/charavoileduboutdumonde.com\/en\/wp-json\/wp\/v2\/types\/post"}],"author":[{"embeddable":true,"href":"https:\/\/charavoileduboutdumonde.com\/en\/wp-json\/wp\/v2\/users\/2"}],"replies":[{"embeddable":true,"href":"https:\/\/charavoileduboutdumonde.com\/en\/wp-json\/wp\/v2\/comments?post=616"}],"version-history":[{"count":8,"href":"https:\/\/charavoileduboutdumonde.com\/en\/wp-json\/wp\/v2\/posts\/616\/revisions"}],"predecessor-version":[{"id":1869,"href":"https:\/\/charavoileduboutdumonde.com\/en\/wp-json\/wp\/v2\/posts\/616\/revisions\/1869"}],"wp:featuredmedia":[{"embeddable":true,"href":"https:\/\/charavoileduboutdumonde.com\/en\/wp-json\/wp\/v2\/media\/684"}],"wp:attachment":[{"href":"https:\/\/charavoileduboutdumonde.com\/en\/wp-json\/wp\/v2\/media?parent=616"}],"wp:term":[{"taxonomy":"category","embeddable":true,"href":"https:\/\/charavoileduboutdumonde.com\/en\/wp-json\/wp\/v2\/categories?post=616"},{"taxonomy":"post_tag","embeddable":true,"href":"https:\/\/charavoileduboutdumonde.com\/en\/wp-json\/wp\/v2\/tags?post=616"}],"curies":[{"name":"wp","href":"https:\/\/api.w.org\/{rel}","templated":true}]}}