{"id":632,"date":"2020-12-10T15:47:19","date_gmt":"2020-12-10T14:47:19","guid":{"rendered":"http:\/\/charavoileduboutdumonde.com\/?p=632"},"modified":"2021-11-27T14:47:07","modified_gmt":"2021-11-27T13:47:07","slug":"le-pere-noel-du-bout-du-monde","status":"publish","type":"post","link":"https:\/\/charavoileduboutdumonde.com\/en\/le-pere-noel-du-bout-du-monde\/","title":{"rendered":"Le p\u00e8re No\u00ebl du bout du monde #1"},"content":{"rendered":"<h2><span style=\"font-family: sev;\">Le mercredi 23 d\u00e9cembre, le p\u00e8re No\u00ebl posera ses roues sur la plage de Lestrevet \u00e0 Plomodiern !<\/span><\/h2>\n<p><span style=\"font-family: sev; font-size: 14pt;\"> Une pause bien m\u00e9rit\u00e9 avant d&rsquo;entamer sa tourn\u00e9e de distribution de cadeaux dans la nuit du 24 d\u00e9cembre.<\/span><\/p>\n<p><span style=\"font-family: sev; font-size: 14pt;\">En exclusivit\u00e9, venez donc rouler \u00e0 ses c\u00f4t\u00e9s sur un parcours balis\u00e9 accessible et fun ! d\u00e8s 8 ans !<\/span><\/p>\n<p><span style=\"font-family: sev; font-size: 14pt;\">Il vous invite \u00e0 venir d\u00e9guis\u00e9 pour b\u00e9n\u00e9ficier de <strong>10% de remise<\/strong> sur votre s\u00e9ance d\u00e9couverte \ud83d\ude09<\/span><\/p>\n<p><span style=\"font-family: sev; font-size: 14pt;\">3 cr\u00e9neaux possibles :\u00a0<\/span><\/p>\n<p><span style=\"font-size: 14pt; font-family: sev;\"><strong>11H \/ 13H30 \/ 15H<\/strong><\/span><\/p>\n<p><span style=\"font-family: sev; font-size: 14pt;\">R\u00e9servations par t\u00e9l\u00e9phone &#8211; <strong>06.81.63.83.74<\/strong> &#8211; places limit\u00e9s !<\/span><\/p>\n<p><span style=\"font-family: sev;\"><img loading=\"lazy\" decoding=\"async\" class=\"wp-image-633 aligncenter\" src=\"http:\/\/charavoileduboutdumonde.com\/wp-content\/uploads\/2020\/12\/affiche-pere-noel-du-bout-du-monde-2020-300x225.jpg\" alt=\"\" width=\"440\" height=\"330\" srcset=\"https:\/\/charavoileduboutdumonde.com\/wp-content\/uploads\/2020\/12\/affiche-pere-noel-du-bout-du-monde-2020-300x225.jpg 300w, https:\/\/charavoileduboutdumonde.com\/wp-content\/uploads\/2020\/12\/affiche-pere-noel-du-bout-du-monde-2020-1024x768.jpg 1024w, https:\/\/charavoileduboutdumonde.com\/wp-content\/uploads\/2020\/12\/affiche-pere-noel-du-bout-du-monde-2020-768x576.jpg 768w, https:\/\/charavoileduboutdumonde.com\/wp-content\/uploads\/2020\/12\/affiche-pere-noel-du-bout-du-monde-2020-1536x1152.jpg 1536w, https:\/\/charavoileduboutdumonde.com\/wp-content\/uploads\/2020\/12\/affiche-pere-noel-du-bout-du-monde-2020-2048x1536.jpg 2048w, https:\/\/charavoileduboutdumonde.com\/wp-content\/uploads\/2020\/12\/affiche-pere-noel-du-bout-du-monde-2020-1200x900.jpg 1200w, https:\/\/charavoileduboutdumonde.com\/wp-content\/uploads\/2020\/12\/affiche-pere-noel-du-bout-du-monde-2020-1980x1485.jpg 1980w\" sizes=\"auto, (max-width: 440px) 100vw, 440px\" \/><\/span><\/p>\n<h2><span style=\"font-family: sev;\">EDIT : Les conditions m\u00e9t\u00e9o ne permettrons pas la venue du p\u00e8re No\u00ebl \u00e0 Lestrevet malheureusement ce 23 d\u00e9cembre . Il pr\u00e9f\u00e8re que les enfants restent au chaud !\u00a0<\/span><\/h2>","protected":false},"excerpt":{"rendered":"<p>Le mercredi 23 d\u00e9cembre, le p\u00e8re No\u00ebl posera ses roues sur la plage de Lestrevet \u00e0 Plomodiern ! Une pause bien m\u00e9rit\u00e9 avant d&rsquo;entamer sa tourn\u00e9e de distribution de cadeaux dans la nuit du 24 d\u00e9cembre. En exclusivit\u00e9, venez donc rouler \u00e0 ses c\u00f4t\u00e9s sur un parcours balis\u00e9 accessible et fun ! d\u00e8s 8 ans [&hellip;]<\/p>","protected":false},"author":2,"featured_media":635,"comment_status":"closed","ping_status":"open","sticky":false,"template":"","format":"standard","meta":{"inline_featured_image":false,"footnotes":""},"categories":[1],"tags":[],"class_list":["post-632","post","type-post","status-publish","format-standard","has-post-thumbnail","hentry","category-non-classe"],"yoast_head":"<!-- This site is optimized with the Yoast SEO plugin v27.4 - https:\/\/yoast.com\/product\/yoast-seo-wordpress\/ -->\n<title>A la rencontre du p\u00e8re No\u00ebl avec char \u00e0 voile du bout du monde<\/title>\n<meta name=\"description\" content=\"Venez rencontrer le p\u00e8re No\u00ebl sur la plage de Lestrevet \u00e0 Plomodiern. Il proposera une animation autour du char \u00e0 voile pour les enfants.\" \/>\n<meta name=\"robots\" content=\"index, follow, max-snippet:-1, max-image-preview:large, max-video-preview:-1\" \/>\n<link rel=\"canonical\" href=\"http:\/\/charavoileduboutdumonde.com\/en\/le-pere-noel-du-bout-du-monde\/\" \/>\n<meta property=\"og:locale\" content=\"en_GB\" \/>\n<meta property=\"og:type\" content=\"article\" \/>\n<meta property=\"og:title\" content=\"A la rencontre du p\u00e8re No\u00ebl avec char \u00e0 voile du bout du monde\" \/>\n<meta property=\"og:description\" content=\"Venez rencontrer le p\u00e8re No\u00ebl sur la plage de Lestrevet \u00e0 Plomodiern. Il proposera une animation autour du char \u00e0 voile pour les enfants.\" \/>\n<meta property=\"og:url\" content=\"http:\/\/charavoileduboutdumonde.com\/en\/le-pere-noel-du-bout-du-monde\/\" \/>\n<meta property=\"og:site_name\" content=\"Char \u00e0 Voile du Bout du Monde\" \/>\n<meta property=\"article:publisher\" content=\"https:\/\/www.facebook.com\/charavoileduboutdumonde\/\" \/>\n<meta property=\"article:published_time\" content=\"2020-12-10T14:47:19+00:00\" \/>\n<meta property=\"article:modified_time\" content=\"2021-11-27T13:47:07+00:00\" \/>\n<meta property=\"og:image\" content=\"http:\/\/charavoileduboutdumonde.com\/wp-content\/uploads\/2020\/12\/bandeau-image-pere-noel-mise-en-avant-scaled.jpg\" \/>\n\t<meta property=\"og:image:width\" content=\"2560\" \/>\n\t<meta property=\"og:image:height\" content=\"591\" \/>\n\t<meta property=\"og:image:type\" content=\"image\/jpeg\" \/>\n<meta name=\"author\" content=\"charavoileduboutdumonde\" \/>\n<meta name=\"twitter:card\" content=\"summary_large_image\" \/>\n<meta name=\"twitter:label1\" content=\"Written by\" \/>\n\t<meta name=\"twitter:data1\" content=\"charavoileduboutdumonde\" \/>\n\t<meta name=\"twitter:label2\" content=\"Estimated reading time\" \/>\n\t<meta name=\"twitter:data2\" content=\"1 minute\" \/>\n<script type=\"application\/ld+json\" class=\"yoast-schema-graph\">{\"@context\":\"https:\\\/\\\/schema.org\",\"@graph\":[{\"@type\":\"Article\",\"@id\":\"http:\\\/\\\/charavoileduboutdumonde.com\\\/le-pere-noel-du-bout-du-monde\\\/#article\",\"isPartOf\":{\"@id\":\"http:\\\/\\\/charavoileduboutdumonde.com\\\/le-pere-noel-du-bout-du-monde\\\/\"},\"author\":{\"name\":\"charavoileduboutdumonde\",\"@id\":\"https:\\\/\\\/charavoileduboutdumonde.com\\\/#\\\/schema\\\/person\\\/c5da156e5c5b12702aa2ca9946f7070b\"},\"headline\":\"Le p\u00e8re No\u00ebl du bout du monde #1\",\"datePublished\":\"2020-12-10T14:47:19+00:00\",\"dateModified\":\"2021-11-27T13:47:07+00:00\",\"mainEntityOfPage\":{\"@id\":\"http:\\\/\\\/charavoileduboutdumonde.com\\\/le-pere-noel-du-bout-du-monde\\\/\"},\"wordCount\":134,\"publisher\":{\"@id\":\"https:\\\/\\\/charavoileduboutdumonde.com\\\/#organization\"},\"image\":{\"@id\":\"http:\\\/\\\/charavoileduboutdumonde.com\\\/le-pere-noel-du-bout-du-monde\\\/#primaryimage\"},\"thumbnailUrl\":\"https:\\\/\\\/charavoileduboutdumonde.com\\\/wp-content\\\/uploads\\\/2020\\\/12\\\/bandeau-image-pere-noel-mise-en-avant-scaled.jpg\",\"articleSection\":[\"Non class\u00e9\"],\"inLanguage\":\"en-GB\"},{\"@type\":\"WebPage\",\"@id\":\"http:\\\/\\\/charavoileduboutdumonde.com\\\/le-pere-noel-du-bout-du-monde\\\/\",\"url\":\"http:\\\/\\\/charavoileduboutdumonde.com\\\/le-pere-noel-du-bout-du-monde\\\/\",\"name\":\"A la rencontre du p\u00e8re No\u00ebl avec char \u00e0 voile du bout du monde\",\"isPartOf\":{\"@id\":\"https:\\\/\\\/charavoileduboutdumonde.com\\\/#website\"},\"primaryImageOfPage\":{\"@id\":\"http:\\\/\\\/charavoileduboutdumonde.com\\\/le-pere-noel-du-bout-du-monde\\\/#primaryimage\"},\"image\":{\"@id\":\"http:\\\/\\\/charavoileduboutdumonde.com\\\/le-pere-noel-du-bout-du-monde\\\/#primaryimage\"},\"thumbnailUrl\":\"https:\\\/\\\/charavoileduboutdumonde.com\\\/wp-content\\\/uploads\\\/2020\\\/12\\\/bandeau-image-pere-noel-mise-en-avant-scaled.jpg\",\"datePublished\":\"2020-12-10T14:47:19+00:00\",\"dateModified\":\"2021-11-27T13:47:07+00:00\",\"description\":\"Venez rencontrer le p\u00e8re No\u00ebl sur la plage de Lestrevet \u00e0 Plomodiern. Il proposera une animation autour du char \u00e0 voile pour les enfants.\",\"breadcrumb\":{\"@id\":\"http:\\\/\\\/charavoileduboutdumonde.com\\\/le-pere-noel-du-bout-du-monde\\\/#breadcrumb\"},\"inLanguage\":\"en-GB\",\"potentialAction\":[{\"@type\":\"ReadAction\",\"target\":[\"http:\\\/\\\/charavoileduboutdumonde.com\\\/le-pere-noel-du-bout-du-monde\\\/\"]}]},{\"@type\":\"ImageObject\",\"inLanguage\":\"en-GB\",\"@id\":\"http:\\\/\\\/charavoileduboutdumonde.com\\\/le-pere-noel-du-bout-du-monde\\\/#primaryimage\",\"url\":\"https:\\\/\\\/charavoileduboutdumonde.com\\\/wp-content\\\/uploads\\\/2020\\\/12\\\/bandeau-image-pere-noel-mise-en-avant-scaled.jpg\",\"contentUrl\":\"https:\\\/\\\/charavoileduboutdumonde.com\\\/wp-content\\\/uploads\\\/2020\\\/12\\\/bandeau-image-pere-noel-mise-en-avant-scaled.jpg\",\"width\":2560,\"height\":591},{\"@type\":\"BreadcrumbList\",\"@id\":\"http:\\\/\\\/charavoileduboutdumonde.com\\\/le-pere-noel-du-bout-du-monde\\\/#breadcrumb\",\"itemListElement\":[{\"@type\":\"ListItem\",\"position\":1,\"name\":\"Accueil\",\"item\":\"https:\\\/\\\/charavoileduboutdumonde.com\\\/\"},{\"@type\":\"ListItem\",\"position\":2,\"name\":\"Le p\u00e8re No\u00ebl du bout du monde #1\"}]},{\"@type\":\"WebSite\",\"@id\":\"https:\\\/\\\/charavoileduboutdumonde.com\\\/#website\",\"url\":\"https:\\\/\\\/charavoileduboutdumonde.com\\\/\",\"name\":\"Char \u00e0 Voile du Bout du Monde\",\"description\":\"Char \u00e0 Voile du Bout du Monde - Char \u00e0 voile de loisir en Finist\u00e8re, Bretagne\",\"publisher\":{\"@id\":\"https:\\\/\\\/charavoileduboutdumonde.com\\\/#organization\"},\"potentialAction\":[{\"@type\":\"SearchAction\",\"target\":{\"@type\":\"EntryPoint\",\"urlTemplate\":\"https:\\\/\\\/charavoileduboutdumonde.com\\\/?s={search_term_string}\"},\"query-input\":{\"@type\":\"PropertyValueSpecification\",\"valueRequired\":true,\"valueName\":\"search_term_string\"}}],\"inLanguage\":\"en-GB\"},{\"@type\":\"Organization\",\"@id\":\"https:\\\/\\\/charavoileduboutdumonde.com\\\/#organization\",\"name\":\"Char \u00e0 Voile du Bout du Monde\",\"url\":\"https:\\\/\\\/charavoileduboutdumonde.com\\\/\",\"logo\":{\"@type\":\"ImageObject\",\"inLanguage\":\"en-GB\",\"@id\":\"https:\\\/\\\/charavoileduboutdumonde.com\\\/#\\\/schema\\\/logo\\\/image\\\/\",\"url\":\"https:\\\/\\\/charavoileduboutdumonde.com\\\/wp-content\\\/uploads\\\/2020\\\/05\\\/logoheader.png\",\"contentUrl\":\"https:\\\/\\\/charavoileduboutdumonde.com\\\/wp-content\\\/uploads\\\/2020\\\/05\\\/logoheader.png\",\"width\":249,\"height\":80,\"caption\":\"Char \u00e0 Voile du Bout du Monde\"},\"image\":{\"@id\":\"https:\\\/\\\/charavoileduboutdumonde.com\\\/#\\\/schema\\\/logo\\\/image\\\/\"},\"sameAs\":[\"https:\\\/\\\/www.facebook.com\\\/charavoileduboutdumonde\\\/\",\"https:\\\/\\\/www.instagram.com\\\/charavoileduboutdumonde\\\/\",\"https:\\\/\\\/www.youtube.com\\\/channel\\\/UC6oaDP9kS6oN_ZL61EhoDKw\\\/\"]},{\"@type\":\"Person\",\"@id\":\"https:\\\/\\\/charavoileduboutdumonde.com\\\/#\\\/schema\\\/person\\\/c5da156e5c5b12702aa2ca9946f7070b\",\"name\":\"charavoileduboutdumonde\",\"image\":{\"@type\":\"ImageObject\",\"inLanguage\":\"en-GB\",\"@id\":\"https:\\\/\\\/secure.gravatar.com\\\/avatar\\\/a807324b782435e178784a9109d80676e752c91433474922b3bde72033075754?s=96&d=mm&r=g\",\"url\":\"https:\\\/\\\/secure.gravatar.com\\\/avatar\\\/a807324b782435e178784a9109d80676e752c91433474922b3bde72033075754?s=96&d=mm&r=g\",\"contentUrl\":\"https:\\\/\\\/secure.gravatar.com\\\/avatar\\\/a807324b782435e178784a9109d80676e752c91433474922b3bde72033075754?s=96&d=mm&r=g\",\"caption\":\"charavoileduboutdumonde\"},\"url\":\"https:\\\/\\\/charavoileduboutdumonde.com\\\/en\\\/author\\\/charavoileduboutdumonde\\\/\"}]}<\/script>\n<!-- \/ Yoast SEO plugin. -->","yoast_head_json":{"title":"A la rencontre du p\u00e8re No\u00ebl avec char \u00e0 voile du bout du monde","description":"Venez rencontrer le p\u00e8re No\u00ebl sur la plage de Lestrevet \u00e0 Plomodiern. Il proposera une animation autour du char \u00e0 voile pour les enfants.","robots":{"index":"index","follow":"follow","max-snippet":"max-snippet:-1","max-image-preview":"max-image-preview:large","max-video-preview":"max-video-preview:-1"},"canonical":"http:\/\/charavoileduboutdumonde.com\/en\/le-pere-noel-du-bout-du-monde\/","og_locale":"en_GB","og_type":"article","og_title":"A la rencontre du p\u00e8re No\u00ebl avec char \u00e0 voile du bout du monde","og_description":"Venez rencontrer le p\u00e8re No\u00ebl sur la plage de Lestrevet \u00e0 Plomodiern. Il proposera une animation autour du char \u00e0 voile pour les enfants.","og_url":"http:\/\/charavoileduboutdumonde.com\/en\/le-pere-noel-du-bout-du-monde\/","og_site_name":"Char \u00e0 Voile du Bout du Monde","article_publisher":"https:\/\/www.facebook.com\/charavoileduboutdumonde\/","article_published_time":"2020-12-10T14:47:19+00:00","article_modified_time":"2021-11-27T13:47:07+00:00","og_image":[{"width":2560,"height":591,"url":"http:\/\/charavoileduboutdumonde.com\/wp-content\/uploads\/2020\/12\/bandeau-image-pere-noel-mise-en-avant-scaled.jpg","type":"image\/jpeg"}],"author":"charavoileduboutdumonde","twitter_card":"summary_large_image","twitter_misc":{"Written by":"charavoileduboutdumonde","Estimated reading time":"1 minute"},"schema":{"@context":"https:\/\/schema.org","@graph":[{"@type":"Article","@id":"http:\/\/charavoileduboutdumonde.com\/le-pere-noel-du-bout-du-monde\/#article","isPartOf":{"@id":"http:\/\/charavoileduboutdumonde.com\/le-pere-noel-du-bout-du-monde\/"},"author":{"name":"charavoileduboutdumonde","@id":"https:\/\/charavoileduboutdumonde.com\/#\/schema\/person\/c5da156e5c5b12702aa2ca9946f7070b"},"headline":"Le p\u00e8re No\u00ebl du bout du monde #1","datePublished":"2020-12-10T14:47:19+00:00","dateModified":"2021-11-27T13:47:07+00:00","mainEntityOfPage":{"@id":"http:\/\/charavoileduboutdumonde.com\/le-pere-noel-du-bout-du-monde\/"},"wordCount":134,"publisher":{"@id":"https:\/\/charavoileduboutdumonde.com\/#organization"},"image":{"@id":"http:\/\/charavoileduboutdumonde.com\/le-pere-noel-du-bout-du-monde\/#primaryimage"},"thumbnailUrl":"https:\/\/charavoileduboutdumonde.com\/wp-content\/uploads\/2020\/12\/bandeau-image-pere-noel-mise-en-avant-scaled.jpg","articleSection":["Non class\u00e9"],"inLanguage":"en-GB"},{"@type":"WebPage","@id":"http:\/\/charavoileduboutdumonde.com\/le-pere-noel-du-bout-du-monde\/","url":"http:\/\/charavoileduboutdumonde.com\/le-pere-noel-du-bout-du-monde\/","name":"A la rencontre du p\u00e8re No\u00ebl avec char \u00e0 voile du bout du monde","isPartOf":{"@id":"https:\/\/charavoileduboutdumonde.com\/#website"},"primaryImageOfPage":{"@id":"http:\/\/charavoileduboutdumonde.com\/le-pere-noel-du-bout-du-monde\/#primaryimage"},"image":{"@id":"http:\/\/charavoileduboutdumonde.com\/le-pere-noel-du-bout-du-monde\/#primaryimage"},"thumbnailUrl":"https:\/\/charavoileduboutdumonde.com\/wp-content\/uploads\/2020\/12\/bandeau-image-pere-noel-mise-en-avant-scaled.jpg","datePublished":"2020-12-10T14:47:19+00:00","dateModified":"2021-11-27T13:47:07+00:00","description":"Venez rencontrer le p\u00e8re No\u00ebl sur la plage de Lestrevet \u00e0 Plomodiern. Il proposera une animation autour du char \u00e0 voile pour les enfants.","breadcrumb":{"@id":"http:\/\/charavoileduboutdumonde.com\/le-pere-noel-du-bout-du-monde\/#breadcrumb"},"inLanguage":"en-GB","potentialAction":[{"@type":"ReadAction","target":["http:\/\/charavoileduboutdumonde.com\/le-pere-noel-du-bout-du-monde\/"]}]},{"@type":"ImageObject","inLanguage":"en-GB","@id":"http:\/\/charavoileduboutdumonde.com\/le-pere-noel-du-bout-du-monde\/#primaryimage","url":"https:\/\/charavoileduboutdumonde.com\/wp-content\/uploads\/2020\/12\/bandeau-image-pere-noel-mise-en-avant-scaled.jpg","contentUrl":"https:\/\/charavoileduboutdumonde.com\/wp-content\/uploads\/2020\/12\/bandeau-image-pere-noel-mise-en-avant-scaled.jpg","width":2560,"height":591},{"@type":"BreadcrumbList","@id":"http:\/\/charavoileduboutdumonde.com\/le-pere-noel-du-bout-du-monde\/#breadcrumb","itemListElement":[{"@type":"ListItem","position":1,"name":"Accueil","item":"https:\/\/charavoileduboutdumonde.com\/"},{"@type":"ListItem","position":2,"name":"Le p\u00e8re No\u00ebl du bout du monde #1"}]},{"@type":"WebSite","@id":"https:\/\/charavoileduboutdumonde.com\/#website","url":"https:\/\/charavoileduboutdumonde.com\/","name":"Char \u00e0 Voile du Bout du Monde","description":"Char \u00e0 Voile du Bout du Monde - Char \u00e0 voile de loisir en Finist\u00e8re, Bretagne","publisher":{"@id":"https:\/\/charavoileduboutdumonde.com\/#organization"},"potentialAction":[{"@type":"SearchAction","target":{"@type":"EntryPoint","urlTemplate":"https:\/\/charavoileduboutdumonde.com\/?s={search_term_string}"},"query-input":{"@type":"PropertyValueSpecification","valueRequired":true,"valueName":"search_term_string"}}],"inLanguage":"en-GB"},{"@type":"Organization","@id":"https:\/\/charavoileduboutdumonde.com\/#organization","name":"Char \u00e0 Voile du Bout du Monde","url":"https:\/\/charavoileduboutdumonde.com\/","logo":{"@type":"ImageObject","inLanguage":"en-GB","@id":"https:\/\/charavoileduboutdumonde.com\/#\/schema\/logo\/image\/","url":"https:\/\/charavoileduboutdumonde.com\/wp-content\/uploads\/2020\/05\/logoheader.png","contentUrl":"https:\/\/charavoileduboutdumonde.com\/wp-content\/uploads\/2020\/05\/logoheader.png","width":249,"height":80,"caption":"Char \u00e0 Voile du Bout du Monde"},"image":{"@id":"https:\/\/charavoileduboutdumonde.com\/#\/schema\/logo\/image\/"},"sameAs":["https:\/\/www.facebook.com\/charavoileduboutdumonde\/","https:\/\/www.instagram.com\/charavoileduboutdumonde\/","https:\/\/www.youtube.com\/channel\/UC6oaDP9kS6oN_ZL61EhoDKw\/"]},{"@type":"Person","@id":"https:\/\/charavoileduboutdumonde.com\/#\/schema\/person\/c5da156e5c5b12702aa2ca9946f7070b","name":"charavoileduboutdumonde","image":{"@type":"ImageObject","inLanguage":"en-GB","@id":"https:\/\/secure.gravatar.com\/avatar\/a807324b782435e178784a9109d80676e752c91433474922b3bde72033075754?s=96&d=mm&r=g","url":"https:\/\/secure.gravatar.com\/avatar\/a807324b782435e178784a9109d80676e752c91433474922b3bde72033075754?s=96&d=mm&r=g","contentUrl":"https:\/\/secure.gravatar.com\/avatar\/a807324b782435e178784a9109d80676e752c91433474922b3bde72033075754?s=96&d=mm&r=g","caption":"charavoileduboutdumonde"},"url":"https:\/\/charavoileduboutdumonde.com\/en\/author\/charavoileduboutdumonde\/"}]}},"_links":{"self":[{"href":"https:\/\/charavoileduboutdumonde.com\/en\/wp-json\/wp\/v2\/posts\/632","targetHints":{"allow":["GET"]}}],"collection":[{"href":"https:\/\/charavoileduboutdumonde.com\/en\/wp-json\/wp\/v2\/posts"}],"about":[{"href":"https:\/\/charavoileduboutdumonde.com\/en\/wp-json\/wp\/v2\/types\/post"}],"author":[{"embeddable":true,"href":"https:\/\/charavoileduboutdumonde.com\/en\/wp-json\/wp\/v2\/users\/2"}],"replies":[{"embeddable":true,"href":"https:\/\/charavoileduboutdumonde.com\/en\/wp-json\/wp\/v2\/comments?post=632"}],"version-history":[{"count":5,"href":"https:\/\/charavoileduboutdumonde.com\/en\/wp-json\/wp\/v2\/posts\/632\/revisions"}],"predecessor-version":[{"id":1868,"href":"https:\/\/charavoileduboutdumonde.com\/en\/wp-json\/wp\/v2\/posts\/632\/revisions\/1868"}],"wp:featuredmedia":[{"embeddable":true,"href":"https:\/\/charavoileduboutdumonde.com\/en\/wp-json\/wp\/v2\/media\/635"}],"wp:attachment":[{"href":"https:\/\/charavoileduboutdumonde.com\/en\/wp-json\/wp\/v2\/media?parent=632"}],"wp:term":[{"taxonomy":"category","embeddable":true,"href":"https:\/\/charavoileduboutdumonde.com\/en\/wp-json\/wp\/v2\/categories?post=632"},{"taxonomy":"post_tag","embeddable":true,"href":"https:\/\/charavoileduboutdumonde.com\/en\/wp-json\/wp\/v2\/tags?post=632"}],"curies":[{"name":"wp","href":"https:\/\/api.w.org\/{rel}","templated":true}]}}